{"id":133625,"date":"2025-10-31T07:18:15","date_gmt":"2025-10-31T07:18:15","guid":{"rendered":"https:\/\/www.europesays.com\/pt\/133625\/"},"modified":"2025-10-31T07:18:15","modified_gmt":"2025-10-31T07:18:15","slug":"real-madrid-e-organizadora-da-superliga-pedem-indemnizacao-bilionaria-a-uefa","status":"publish","type":"post","link":"https:\/\/www.europesays.com\/pt\/133625\/","title":{"rendered":"Real Madrid e organizadora da Superliga pedem indemniza\u00e7\u00e3o bilion\u00e1ria \u00e0 UEFA"},"content":{"rendered":"<p>Depois de um <a href=\"https:\/\/maisfutebol.iol.pt\/superliga\/justica\/tribunal-de-madrid-da-razao-a-superliga-e-acusa-uefa-e-fifa\" target=\"_blank\" rel=\"nofollow noopener\"><strong>tribunal de Madrid ter decidido na quarta-feira negar um recurso \u00e0 UEFA e FIFA a prop\u00f3sito da cria\u00e7\u00e3o da Superliga Europeia<\/strong><\/a>, Real Madrid e a A22 Sports Management v\u00e3o exigir \u00e0 UEFA mais de quatro mil milh\u00f5es de euros, acusando o organismo que rege o futebol europeu de sabotar a nova ambicionada competi\u00e7\u00e3o.<\/p>\n<p>A confirma\u00e7\u00e3o foi feita por fonte pr\u00f3xima do processo \u00e0 ag\u00eancia France-Presse (AFP), depois de o tribunal de Madrid ter considerado que a UEFA e a FIFA \u00ababusaram da sua posi\u00e7\u00e3o dominante\u00bb, ao tentarem impedir a cria\u00e7\u00e3o da Superliga, violando desta forma as regras da Uni\u00e3o Europeia.<\/p>\n<p>A A22 Sports Management saudou a decis\u00e3o, considerando que se trata de uma \u00abterceira vit\u00f3ria consecutiva\u00bb contra o \u00abmonop\u00f3lio ilegal\u00bb da UEFA, lamentando que esta tenha \u00abrecusado qualquer via de compromisso\u00bb, afirmando n\u00e3o ter \u00aboutra escolha\u00bb sen\u00e3o avan\u00e7ar com a\u00e7\u00f5es para obter compensa\u00e7\u00f5es pelos danos sofridos.<\/p>\n<p>O Real Madrid \u00e9 um dos poucos clubes que ainda apoia publicamente a Superliga e considerou a decis\u00e3o do tribunal uma \u00abvit\u00f3ria importante\u00bb, entendendo que se abre a possibilidade de um pedido de indemniza\u00e7\u00e3o pelos preju\u00edzos causados pela UEFA.<\/p>\n<p>O veredito do tribunal de Madrid surgiu quatro anos e meio depois de o projeto da Superliga ter colapsado, apenas 48 horas ap\u00f3s o seu lan\u00e7amento por 12 clubes de Espanha, It\u00e1lia e Inglaterra, devido a uma forte rea\u00e7\u00e3o negativa de adeptos e respons\u00e1veis pol\u00edticos.<\/p>\n<p>O Tribunal de Justi\u00e7a da Uni\u00e3o Europeia (TJUE) tinha decidido, em dezembro de 2023, que as regras em vigor em 2021, utilizadas pelos organismos que regem o futebol &#8211; a UEFA e a FIFA &#8211; para bloquear a Superliga, contrariavam o direito da Uni\u00e3o Europeia e constitu\u00edam um abuso de posi\u00e7\u00e3o dominante no mercado.<\/p>\n","protected":false},"excerpt":{"rendered":"Depois de um tribunal de Madrid ter decidido na quarta-feira negar um recurso \u00e0 UEFA e FIFA a&hellip;\n","protected":false},"author":2,"featured_media":133626,"comment_status":"","ping_status":"","sticky":false,"template":"","format":"standard","meta":{"footnotes":""},"categories":[87],"tags":[30209,135,2698,82,46,32,33,47,2007,134,30208,2697],"class_list":{"0":"post-133625","1":"post","2":"type-post","3":"status-publish","4":"format-standard","5":"has-post-thumbnail","7":"category-desporto","8":"tag-a22-sports-management","9":"tag-desporto","10":"tag-fifa","11":"tag-internacional","12":"tag-maisfutebol","13":"tag-portugal","14":"tag-pt","15":"tag-pura-paixao","16":"tag-real-madrid","17":"tag-sports","18":"tag-superliga-europeia","19":"tag-uefa"},"share_on_mastodon":{"url":"https:\/\/pubeurope.com\/@pt\/115467564055498716","error":""},"_links":{"self":[{"href":"https:\/\/www.europesays.com\/pt\/wp-json\/wp\/v2\/posts\/133625","targetHints":{"allow":["GET"]}}],"collection":[{"href":"https:\/\/www.europesays.com\/pt\/wp-json\/wp\/v2\/posts"}],"about":[{"href":"https:\/\/www.europesays.com\/pt\/wp-json\/wp\/v2\/types\/post"}],"author":[{"embeddable":true,"href":"https:\/\/www.europesays.com\/pt\/wp-json\/wp\/v2\/users\/2"}],"replies":[{"embeddable":true,"href":"https:\/\/www.europesays.com\/pt\/wp-json\/wp\/v2\/comments?post=133625"}],"version-history":[{"count":0,"href":"https:\/\/www.europesays.com\/pt\/wp-json\/wp\/v2\/posts\/133625\/revisions"}],"wp:featuredmedia":[{"embeddable":true,"href":"https:\/\/www.europesays.com\/pt\/wp-json\/wp\/v2\/media\/133626"}],"wp:attachment":[{"href":"https:\/\/www.europesays.com\/pt\/wp-json\/wp\/v2\/media?parent=133625"}],"wp:term":[{"taxonomy":"category","embeddable":true,"href":"https:\/\/www.europesays.com\/pt\/wp-json\/wp\/v2\/categories?post=133625"},{"taxonomy":"post_tag","embeddable":true,"href":"https:\/\/www.europesays.com\/pt\/wp-json\/wp\/v2\/tags?post=133625"}],"curies":[{"name":"wp","href":"https:\/\/api.w.org\/{rel}","templated":true}]}}