{"id":133656,"date":"2025-10-31T08:13:12","date_gmt":"2025-10-31T08:13:12","guid":{"rendered":"https:\/\/www.europesays.com\/pt\/133656\/"},"modified":"2025-10-31T08:13:12","modified_gmt":"2025-10-31T08:13:12","slug":"sondagem-gouveia-e-melo-cai-da-lideranca-pela-primeira-vez-observador","status":"publish","type":"post","link":"https:\/\/www.europesays.com\/pt\/133656\/","title":{"rendered":"Sondagem. Gouveia e Melo cai da lideran\u00e7a pela primeira vez \u2013 Observador"},"content":{"rendered":"<p>Pela primeira vez numa sondagem para as elei\u00e7\u00f5es presidenciais de 18 de janeiro, Henrique Gouveia e Melo n\u00e3o lidera. Na <a href=\"https:\/\/cdn.cmjornal.pt\/files\/tv-barometro-completo-pdf\" rel=\"nofollow noopener\" target=\"_blank\">sondagem da Intercampus<\/a> para o Correio da Manh\u00e3, o Jornal Neg\u00f3cios e a CMTV publicada esta quinta-feira, o antigo presidente do PSD Lu\u00eds Marques Mendes aparece \u00e0 frente, com 16,6% das inten\u00e7\u00f5es.<\/p>\n<p>Em segundo lugar, surge Andr\u00e9 Ventura, candidato que confirmou a sua presen\u00e7a nas elei\u00e7\u00f5es em setembro deste ano, com 15,8% das inten\u00e7\u00f5es de voto. Gouveia e Melo surge apenas em terceiro lugar. Apesar desta reorganiza\u00e7\u00e3o das inten\u00e7\u00f5es de voto comparativamente \u00e0s sondagens que t\u00eam sa\u00edda, as diferen\u00e7as entre os tr\u00eas caem dentro da margem de erro de 4%.<\/p>\n<p>Em quarto lugar, surge Ant\u00f3nio Jos\u00e9 Seguro, antigo secret\u00e1rio-geral do Partido Socialista e agora apoiado oficialmente pelo partido que liderou, com 12,3%.<\/p>\n<p>Segue-se o antigo l\u00edder e eurodeputado da Iniciativa Liberal, Jo\u00e3o Cotrim de Figueiredo, com 8,4%. O que o separa da sua colega no Parlamento Europeu e antiga coordenadora do Bloco de Esquerda, Catarina Martins, \u00e9 muito pouco \u2014 menos de dois pontos percentuais \u2013, contando a bloquista com 7,1%.<\/p>\n<p>Em \u00faltimo est\u00e1 o antigo deputado do PCP e ex-vice da Assembleia da Rep\u00fablica, Ant\u00f3nio Filipe, com 4,6%. Os indecisos s\u00e3o de cerca de 20 pontos percentuais (19,9%).<\/p>\n<p>Em caso de segunda volta, Henrique Gouveia e Melo tamb\u00e9m perderia pela primeira vez \u2014 caso o seu advers\u00e1rio se chame Lu\u00eds Marques Mendes. Esta vit\u00f3ria do social-democrata seria at\u00e9 fora da margem de erro, batendo o militar na reserva por 4,2% (41,5% para a Mendes e 37,3% para o ex-almirante).<\/p>\n<p>Nos outros cen\u00e1rios, Gouveia e Melo vence todos os advers\u00e1rios, incluindo quem o superaria nas inten\u00e7\u00f5es medidas para a primeira volta, Andr\u00e9 Ventura, com uma margem al\u00e9m dos 30% (61,2% vs. 29,4%).<\/p>\n<p>Ali\u00e1s, nos dados para a segunda volta, o l\u00edder do Chega perde com todos os outros tr\u00eas principais candidatos nos resultados da primeira volta.<\/p>\n<p><strong>[Chegou\u00a0<\/strong><b>o hist\u00f3rico debate entre Soares e Freitas. E o socialista j\u00e1 conseguiu o voto dos\u00a0<\/b><b>comunistas sem \u201colhar para\u00a0o retrato\u201d dele<\/b>.\u00a0<strong>A\u00a0<a href=\"https:\/\/observador.pt\/programas\/a-eleio-mais-louca-de-sempre\/episodio-5-uma-armadilha-em-direto\/\" rel=\"nofollow noopener\" target=\"_blank\">\u201cElei\u00e7\u00e3o Mais Louca de Sempre\u201d<\/a>\u00a0\u00e9 o novo Podcast Plus do Observador sobre as Presidenciais de 1986. Uma s\u00e9rie narrada pelo ator Gon\u00e7alo Waddington, com banda sonora original de Samuel \u00daria. Pode ouvir\u00a0<a href=\"https:\/\/observador.pt\/programas\/a-eleio-mais-louca-de-sempre\/episodio-5-uma-armadilha-em-direto\/\" rel=\"nofollow noopener\" target=\"_blank\">aqui<\/a>, no\u00a0Observador, e tamb\u00e9m na\u00a0<a href=\"https:\/\/podcasts.apple.com\/pt\/podcast\/epis%C3%B3dio-5-uma-armadilha-em-direto\/id1841273464?i=1000733759807\" rel=\"nofollow noopener\" target=\"_blank\">Apple Podcasts<\/a>, no\u00a0<a href=\"https:\/\/open.spotify.com\/episode\/28mDVafMTtrt5QAwWYdye2?si=c6e9dabb29734f15\" rel=\"nofollow noopener\" target=\"_blank\">Spotify<\/a>\u00a0e no\u00a0<a href=\"https:\/\/music.youtube.com\/watch?v=78x1Dlhn7v4&amp;si=O1yv2xMDjId6CreQ\" rel=\"nofollow noopener\" target=\"_blank\">Youtube Music<\/a>. E pode ouvir o primeiro epis\u00f3dio\u00a0<a href=\"https:\/\/observador.pt\/programas\/a-eleio-mais-louca-de-sempre\/estreia-a-eleicao-mais-louca-de-sempre-episodio-1-apostamos-no-cavalo-errado\/\" target=\"_blank\" rel=\"noopener nofollow\">aqui<\/a>,\u00a0o segundo\u00a0<a href=\"https:\/\/observador.pt\/programas\/a-eleio-mais-louca-de-sempre\/episodio-2-uma-traicao-inesperada\/\" target=\"_blank\" rel=\"noopener nofollow\">aqui<\/a>,\u00a0o terceiro\u00a0<a href=\"https:\/\/observador.pt\/programas\/a-eleio-mais-louca-de-sempre\/episodio-3-ele-nao-e-meu-irmao\/\" rel=\"nofollow noopener\" target=\"_blank\">aqui<\/a>\u00a0e o\u00a0<a href=\"https:\/\/observador.pt\/programas\/a-eleio-mais-louca-de-sempre\/episodio-4-portugal-nao-e-moscovo\/\" rel=\"nofollow noopener\" target=\"_blank\">quarto<\/a>\u00a0aqui]<\/strong><\/p>\n<p><a href=\"https:\/\/observador.pt\/programas\/a-eleio-mais-louca-de-sempre\/episodio-5-uma-armadilha-em-direto\/\" target=\"_blank\" rel=\"noopener nofollow\"><\/p>\n<p>        <img src=\"https:\/\/www.europesays.com\/pt\/wp-content\/uploads\/2025\/10\/1761878958_488_770-a-eleicao-mais-louca-de-sempre-playicon.png\" alt=\"\" loading=\"lazy\" decoding=\"async\" class=\"gmail-CToWUd alignnone\" onload=\"this.parentElement.classList.remove('spinner')\" onerror=\"this.parentElement.classList.remove('spinner')\" width=\"770\" height=\"433\"\/>    <\/p>\n<p><\/a><\/p>\n","protected":false},"excerpt":{"rendered":"Pela primeira vez numa sondagem para as elei\u00e7\u00f5es presidenciais de 18 de janeiro, Henrique Gouveia e Melo n\u00e3o&hellip;\n","protected":false},"author":2,"featured_media":133657,"comment_status":"","ping_status":"","sticky":false,"template":"","format":"standard","meta":{"footnotes":""},"categories":[8],"tags":[27,28,1077,15,16,14,25,26,21,22,12,13,19,20,302,32,1076,23,24,33,58,7585,17,18,29,30,31],"class_list":{"0":"post-133656","1":"post","2":"type-post","3":"status-publish","4":"format-standard","5":"has-post-thumbnail","7":"category-principais-noticias","8":"tag-breaking-news","9":"tag-breakingnews","10":"tag-eleiu00e7u00f5es","11":"tag-featured-news","12":"tag-featurednews","13":"tag-headlines","14":"tag-latest-news","15":"tag-latestnews","16":"tag-main-news","17":"tag-mainnews","18":"tag-news","19":"tag-noticias","20":"tag-noticias-principais","21":"tag-noticiasprincipais","22":"tag-polu00edtica","23":"tag-portugal","24":"tag-presidenciais-2026","25":"tag-principais-noticias","26":"tag-principaisnoticias","27":"tag-pt","28":"tag-sociedade","29":"tag-sondagens","30":"tag-top-stories","31":"tag-topstories","32":"tag-ultimas","33":"tag-ultimas-noticias","34":"tag-ultimasnoticias"},"share_on_mastodon":{"url":"https:\/\/pubeurope.com\/@pt\/115467780535107585","error":""},"_links":{"self":[{"href":"https:\/\/www.europesays.com\/pt\/wp-json\/wp\/v2\/posts\/133656","targetHints":{"allow":["GET"]}}],"collection":[{"href":"https:\/\/www.europesays.com\/pt\/wp-json\/wp\/v2\/posts"}],"about":[{"href":"https:\/\/www.europesays.com\/pt\/wp-json\/wp\/v2\/types\/post"}],"author":[{"embeddable":true,"href":"https:\/\/www.europesays.com\/pt\/wp-json\/wp\/v2\/users\/2"}],"replies":[{"embeddable":true,"href":"https:\/\/www.europesays.com\/pt\/wp-json\/wp\/v2\/comments?post=133656"}],"version-history":[{"count":0,"href":"https:\/\/www.europesays.com\/pt\/wp-json\/wp\/v2\/posts\/133656\/revisions"}],"wp:featuredmedia":[{"embeddable":true,"href":"https:\/\/www.europesays.com\/pt\/wp-json\/wp\/v2\/media\/133657"}],"wp:attachment":[{"href":"https:\/\/www.europesays.com\/pt\/wp-json\/wp\/v2\/media?parent=133656"}],"wp:term":[{"taxonomy":"category","embeddable":true,"href":"https:\/\/www.europesays.com\/pt\/wp-json\/wp\/v2\/categories?post=133656"},{"taxonomy":"post_tag","embeddable":true,"href":"https:\/\/www.europesays.com\/pt\/wp-json\/wp\/v2\/tags?post=133656"}],"curies":[{"name":"wp","href":"https:\/\/api.w.org\/{rel}","templated":true}]}}