{"id":133662,"date":"2025-10-31T08:20:14","date_gmt":"2025-10-31T08:20:14","guid":{"rendered":"https:\/\/www.europesays.com\/pt\/133662\/"},"modified":"2025-10-31T08:20:14","modified_gmt":"2025-10-31T08:20:14","slug":"oficial-fc-porto-assina-contrato-profissional-com-joao-brito","status":"publish","type":"post","link":"https:\/\/www.europesays.com\/pt\/133662\/","title":{"rendered":"OFICIAL: FC Porto assina contrato profissional com Jo\u00e3o Brito"},"content":{"rendered":"<p>Jo\u00e3o Brito, jovem m\u00e9dio de 16 anos que representa a equipa de sub-17 do FC Porto, assinou contrato profissional com os azuis e brancos, anunciou o clube esta quinta-feira.<\/p>\n<p>O jogador que chegou ao FC Porto em 2017\/18, proveniente do Cust\u00f3ias FC, cumpre a nona \u00e9poca de drag\u00e3o ao peito.\u00a0<\/p>\n<p>Na presente temporada, o m\u00e9dio tem sido uma das figuras em destaque na forma\u00e7\u00e3o sub-17, que disputa o Campeonato Nacional de Juniores, e soma j\u00e1 30 internacionaliza\u00e7\u00f5es e dois golos ao servi\u00e7o das sele\u00e7\u00f5es jovens de Portugal.<\/p>\n<p>\u00ab\u00c9 um sentimento de orgulho enorme, este \u00e9 o Clube do qual sou s\u00f3cio desde que nasci e toda a minha fam\u00edlia \u00e9 portista, por isso fui bem criado. Quero agradecer a toda a gente que me ajudou, principalmente \u00e0 minha fam\u00edlia, aos meus colegas, aos meus treinadores e a quem acreditou em mim para assinar este contrato\u00bb, come\u00e7ou por partilhar nos meios de comunica\u00e7\u00e3o oficiais do clube.<\/p>\n<p>\u00abEste voto de confian\u00e7a significa que o meu trabalho est\u00e1 a ser bem feito J\u00e1 passei por todas as posi\u00e7\u00f5es, menos a de guarda-redes. A partir dos sub-13 fixei-me como m\u00e9dio e \u00e9 uma posi\u00e7\u00e3o na qual me sinto muito confort\u00e1vel. O FC Porto sempre me ajudou em tudo e agora temos um trabalho espec\u00edfico para cada posi\u00e7\u00e3o. Trabalho para um dia poder jogar na equipa A\u00bb, acrescentou o jovem m\u00e9dio.\u00a0<\/p>\n<p>\u00abA n\u00edvel individual, quero jogar o m\u00e1ximo de tempo poss\u00edvel. Em termos coletivos, vamos lutar para sermos campe\u00f5es nacionais e acredito que temos condi\u00e7\u00f5es para o conseguirmos. Estamos a trabalhar para isso. Temos um grupo trabalhador, talentoso e ambicioso\u00bb, concluiu Jo\u00e3o Brito, sublinhado o objetivo de conquistar o t\u00edtulo de campe\u00e3o nacional pela equipa de sub-17.<\/p>\n","protected":false},"excerpt":{"rendered":"Jo\u00e3o Brito, jovem m\u00e9dio de 16 anos que representa a equipa de sub-17 do FC Porto, assinou contrato&hellip;\n","protected":false},"author":2,"featured_media":133663,"comment_status":"","ping_status":"","sticky":false,"template":"","format":"standard","meta":{"footnotes":""},"categories":[87],"tags":[30213,135,282,30214,46,42,32,33,47,134],"class_list":{"0":"post-133662","1":"post","2":"type-post","3":"status-publish","4":"format-standard","5":"has-post-thumbnail","7":"category-desporto","8":"tag-contrato-profissional","9":"tag-desporto","10":"tag-fc-porto","11":"tag-joao-brito","12":"tag-maisfutebol","13":"tag-mercado","14":"tag-portugal","15":"tag-pt","16":"tag-pura-paixao","17":"tag-sports"},"share_on_mastodon":{"url":"https:\/\/pubeurope.com\/@pt\/115467807928017081","error":""},"_links":{"self":[{"href":"https:\/\/www.europesays.com\/pt\/wp-json\/wp\/v2\/posts\/133662","targetHints":{"allow":["GET"]}}],"collection":[{"href":"https:\/\/www.europesays.com\/pt\/wp-json\/wp\/v2\/posts"}],"about":[{"href":"https:\/\/www.europesays.com\/pt\/wp-json\/wp\/v2\/types\/post"}],"author":[{"embeddable":true,"href":"https:\/\/www.europesays.com\/pt\/wp-json\/wp\/v2\/users\/2"}],"replies":[{"embeddable":true,"href":"https:\/\/www.europesays.com\/pt\/wp-json\/wp\/v2\/comments?post=133662"}],"version-history":[{"count":0,"href":"https:\/\/www.europesays.com\/pt\/wp-json\/wp\/v2\/posts\/133662\/revisions"}],"wp:featuredmedia":[{"embeddable":true,"href":"https:\/\/www.europesays.com\/pt\/wp-json\/wp\/v2\/media\/133663"}],"wp:attachment":[{"href":"https:\/\/www.europesays.com\/pt\/wp-json\/wp\/v2\/media?parent=133662"}],"wp:term":[{"taxonomy":"category","embeddable":true,"href":"https:\/\/www.europesays.com\/pt\/wp-json\/wp\/v2\/categories?post=133662"},{"taxonomy":"post_tag","embeddable":true,"href":"https:\/\/www.europesays.com\/pt\/wp-json\/wp\/v2\/tags?post=133662"}],"curies":[{"name":"wp","href":"https:\/\/api.w.org\/{rel}","templated":true}]}}