{"id":133676,"date":"2025-10-31T08:39:10","date_gmt":"2025-10-31T08:39:10","guid":{"rendered":"https:\/\/www.europesays.com\/pt\/133676\/"},"modified":"2025-10-31T08:39:10","modified_gmt":"2025-10-31T08:39:10","slug":"rui-costa-para-noronha-lopes-disse-que-mourinho-era-um-trunfo-eleitoral-maisfutebol","status":"publish","type":"post","link":"https:\/\/www.europesays.com\/pt\/133676\/","title":{"rendered":"Rui Costa para Noronha Lopes: \u00abDisse que Mourinho era um trunfo eleitoral&#8230;\u00bb &#8211; Maisfutebol"},"content":{"rendered":"<ol>\n<li><a href=\"https:\/\/news.google.com\/rss\/articles\/CBMiygFBVV95cUxNSVh5WnlNdXFkVlJOejdVeV9IdEh5MnFFbnoybGJjNzUwV3FRS3FBelZTT1B0dDlWd1RabEZ5R0h2WDZNWUtiUzBsbXYxQVVUUlJmUEZIMUV2UFF0MHhPS0MydHdXWEZVa0N5SmhoRGJHbWY5QzA1d2VBcWs3b3lTS0JMVk1ySVczbEppajdRRVl2RmJsbFVCSUYyV0NUcEg3U2JvUXJBTUlCVmdick9zdDlJZTlGSmZVTHJ4NjZManpTY1ZGbmtkSHd3?oc=5\" target=\"_blank\" rel=\"nofollow noopener\">Rui Costa para Noronha Lopes: \u00abDisse que Mourinho era um trunfo eleitoral&#8230;\u00bb<\/a>&nbsp;&nbsp;Maisfutebol<\/li>\n<li><a href=\"https:\/\/news.google.com\/rss\/articles\/CBMivwFBVV95cUxQZVVtY3IyZXN0Y3BsQTVaR3BmMHpnajRVbEpxQ2doWXpaRUVPY0lyQmpmT3d2RDBkaU44T0xRX0cybTZ3aXdfVjQwSjk0NzlHZkdlVzd4eXotODU0VUtVbEJKRng0UDRfVWdLeWxYYUNPWUJ2aW1DaHVlU2RIbUttOVF5TjFhSDNsLVlZT09GbHduZ05RVUhfVGJjWmhUVFpfZFR3MGhxaWZiMTBTcUpiam9FR1NzZnBzdTcxV1Y0bw?oc=5\" target=\"_blank\" rel=\"nofollow noopener\">Rui Costa acusa Noronha Lopes de ter mudado de posi\u00e7\u00e3o em rela\u00e7\u00e3o a Mourinho<\/a>&nbsp;&nbsp;RTP<\/li>\n<li><a href=\"https:\/\/news.google.com\/rss\/articles\/CBMi5gFBVV95cUxQTVdtZXlsdnVvclM5NV81MTllS2otUUctWWU5dy1BMU1fa2tIRmNXNFpxZnpCMk5YZTRiRk91QUpCWUpnc29BVWtXSU9WNTgzZDlUTUxra0RZTmVxZm9DNGIzN2dzdGxpY1ZjWFk4YXFOdUpZbEFmUTFVeUgwY0xqMUJEV3BCc1F2ZXFpTlMxRW1NR0FpYlpWeDZFalZ1bXJsdER3NWZGb2taQi1ITEQ1OXdYWHo4ZEhTZXNWQlc1cUxjZjV5dDNVNHJuWGE5Tm5CVWpNaDVIQnFBa1E5Skc5M3FYQlJsZw?oc=5\" target=\"_blank\" rel=\"nofollow noopener\">Noronha Lopes diz que funcion\u00e1rios do Benfica anseiam por \u00abmudan\u00e7a\u00bb e confirma novo cargo de Nuno Gomes<\/a>&nbsp;&nbsp;A Bola<\/li>\n<li><a href=\"https:\/\/news.google.com\/rss\/articles\/CBMiwAFBVV95cUxPSVBLZWNPazFMV0NacFBybWEySDROSHg1bVgxd2trSUQ4TDVQcVZ6WG5QQTdnMXM1QkdKeXFxbzc4TE5OZUd6NkVsekFJSFNRT1BNQUpYTlE1enpEVU5acmxBdWRTcnRzSjB6OVkzRDdEZlN0WV9udmp4SnQ4ZHpQWnR0a25nTHlvUWhuTWhKdnp1cUNvUEZSNE5ha3ozR3dUQ2d2LVVyU2pqbFAyR2hwbTljMy1QdE8zN1ZVY1RFT0g?oc=5\" target=\"_blank\" rel=\"nofollow noopener\">\u00abM\u00e1rio Branco? A minha escolha para diretor-geral \u00e9 Pedro Ferreira\u00bb<\/a>&nbsp;&nbsp;CNN Portugal<\/li>\n<li><a href=\"https:\/\/news.google.com\/rss\/articles\/CBMisAFBVV95cUxNclFXUHFSYjdVNmhvM0FYaFdMTEs0YUs0Y1JpQXZNekhJYnN5YzFobVl1VHBsOTV4QlBJZlQ1bi05UHFvZjkwLVdYdFlKX0pBckhvT0g3c09laHNXMldBY1VZcTg3akQ2UDY1Zm5zc3BURDNqOTRnTWtuQXFPNS1uSFQzNzRpWV9XbFpCcEx5Q3MtM3RtakR2OTZYb2R4cHBRMjNKcWR0OTJQc1E5WXVKaw?oc=5\" target=\"_blank\" rel=\"nofollow noopener\">\u00abFicou provado que Jos\u00e9 Mourinho foi uma jogada de mestre de Rui Costa\u00bb<\/a>&nbsp;&nbsp;zerozero.pt<\/li>\n<\/ol>\n","protected":false},"excerpt":{"rendered":"Rui Costa para Noronha Lopes: \u00abDisse que Mourinho era um trunfo eleitoral&#8230;\u00bb&nbsp;&nbsp;Maisfutebol Rui Costa acusa Noronha Lopes de&hellip;\n","protected":false},"author":2,"featured_media":133677,"comment_status":"","ping_status":"","sticky":false,"template":"","format":"standard","meta":{"footnotes":""},"categories":[87],"tags":[51,135,524,46,15081,32,33,47,6058,134],"class_list":{"0":"post-133676","1":"post","2":"type-post","3":"status-publish","4":"format-standard","5":"has-post-thumbnail","7":"category-desporto","8":"tag-benfica","9":"tag-desporto","10":"tag-futebol","11":"tag-maisfutebol","12":"tag-noronha-lopes","13":"tag-portugal","14":"tag-pt","15":"tag-pura-paixao","16":"tag-rui-costa","17":"tag-sports"},"share_on_mastodon":{"url":"https:\/\/pubeurope.com\/@pt\/115467883082050873","error":""},"_links":{"self":[{"href":"https:\/\/www.europesays.com\/pt\/wp-json\/wp\/v2\/posts\/133676","targetHints":{"allow":["GET"]}}],"collection":[{"href":"https:\/\/www.europesays.com\/pt\/wp-json\/wp\/v2\/posts"}],"about":[{"href":"https:\/\/www.europesays.com\/pt\/wp-json\/wp\/v2\/types\/post"}],"author":[{"embeddable":true,"href":"https:\/\/www.europesays.com\/pt\/wp-json\/wp\/v2\/users\/2"}],"replies":[{"embeddable":true,"href":"https:\/\/www.europesays.com\/pt\/wp-json\/wp\/v2\/comments?post=133676"}],"version-history":[{"count":0,"href":"https:\/\/www.europesays.com\/pt\/wp-json\/wp\/v2\/posts\/133676\/revisions"}],"wp:featuredmedia":[{"embeddable":true,"href":"https:\/\/www.europesays.com\/pt\/wp-json\/wp\/v2\/media\/133677"}],"wp:attachment":[{"href":"https:\/\/www.europesays.com\/pt\/wp-json\/wp\/v2\/media?parent=133676"}],"wp:term":[{"taxonomy":"category","embeddable":true,"href":"https:\/\/www.europesays.com\/pt\/wp-json\/wp\/v2\/categories?post=133676"},{"taxonomy":"post_tag","embeddable":true,"href":"https:\/\/www.europesays.com\/pt\/wp-json\/wp\/v2\/tags?post=133676"}],"curies":[{"name":"wp","href":"https:\/\/api.w.org\/{rel}","templated":true}]}}