{"id":133691,"date":"2025-10-31T08:54:08","date_gmt":"2025-10-31T08:54:08","guid":{"rendered":"https:\/\/www.europesays.com\/pt\/133691\/"},"modified":"2025-10-31T08:54:08","modified_gmt":"2025-10-31T08:54:08","slug":"captada-a-primeira-fotografia-de-um-lince-iberico-branco","status":"publish","type":"post","link":"https:\/\/www.europesays.com\/pt\/133691\/","title":{"rendered":"captada a primeira fotografia de um lince-ib\u00e9rico branco"},"content":{"rendered":"<p><strong>Um fot\u00f3grafo espanhol registou pela primeira vez imagens de um lince-ib\u00e9rico branco, <\/strong><strong>um fen\u00f3meno extremamente raro e que est\u00e1 a surpreender especialistas e amantes da natureza.<\/strong><\/p>\n<p>O autor das imagens, \u00c1ngel Hidalgo, diz que ficou &#8220;sem palavras&#8221; quando se apercebeu da cor invulgar do animal.<\/p>\n<blockquote><p> &#8221; Quando percebi que era um lince-ib\u00e9rico com pelagem branca como a neve e olhos penetrantes, fiquei paralisado. N\u00e3o podia acreditar no que via &#8220;,  disse numa publica\u00e7\u00e3o no Facebook . <\/p><\/blockquote>\n<p>De acordo com o jornal &#8220;<a href=\"https:\/\/elpais.com\/clima-y-medio-ambiente\/2025-10-29\/un-fotografo-graba-por-primera-vez-a-un-lince-iberico-blanco-el-misterioso-color-de-satureja.html\" target=\"_blank\" rel=\"noreferrer noopener nofollow\">El Pa\u00eds<\/a>&#8220;, o \u201cfantasma branco da floresta mediterr\u00e2nica\u201d \u00e9 uma f\u00eamea, a lince-ib\u00e9rica Satureja, j\u00e1 conhecida do programa de recupera\u00e7\u00e3o da esp\u00e9cie na Andaluzia, <strong>mas cuja exist\u00eancia nunca tinha sido divulgada.<\/strong><\/p>\n<p>Segundo os especialistas,<strong> n\u00e3o se trata de albinismo nem de leucismo<\/strong>, duas condi\u00e7\u00f5es gen\u00e9ticas associadas \u00e0 aus\u00eancia de pigmenta\u00e7\u00e3o, mas sim de uma <strong>altera\u00e7\u00e3o gen\u00e9tica que afeta apenas parte da produ\u00e7\u00e3o de melanina.<\/strong><\/p>\n<p>Apesar da tonalidade clara, Javier Salcedo, coordenador do plano de recupera\u00e7\u00e3o da esp\u00e9cie na Andaluzia, garantiu ao El Pa\u00eds que o comportamento de Satureja n\u00e3o se alterou devido a esta condi\u00e7\u00e3o. Segundo o especialista, <strong>a f\u00eamea alimenta-se normalmente e j\u00e1 teve v\u00e1rias ninhadas.<\/strong><\/p>\n<p>O lince-ib\u00e9rico (Lynx pardinus) \u00e9 considerado uma das esp\u00e9cies de felinos mais amea\u00e7adas do mundo. Depois de d\u00e9cadas em risco, <strong>os esfor\u00e7os de conserva\u00e7\u00e3o t\u00eam permitido um aumento das popula\u00e7\u00f5es em Portugal e em Espanha.<\/strong><\/p>\n","protected":false},"excerpt":{"rendered":"Um fot\u00f3grafo espanhol registou pela primeira vez imagens de um lince-ib\u00e9rico branco, um fen\u00f3meno extremamente raro e que&hellip;\n","protected":false},"author":2,"featured_media":133692,"comment_status":"","ping_status":"","sticky":false,"template":"","format":"standard","meta":{"footnotes":""},"categories":[144],"tags":[207,205,206,203,201,202,204,114,115,32,33],"class_list":{"0":"post-133691","1":"post","2":"type-post","3":"status-publish","4":"format-standard","5":"has-post-thumbnail","7":"category-arte-e-design","8":"tag-arte","9":"tag-arte-e-design","10":"tag-artedesign","11":"tag-arts","12":"tag-arts-and-design","13":"tag-artsanddesign","14":"tag-design","15":"tag-entertainment","16":"tag-entretenimento","17":"tag-portugal","18":"tag-pt"},"share_on_mastodon":{"url":"https:\/\/pubeurope.com\/@pt\/115467941509572922","error":""},"_links":{"self":[{"href":"https:\/\/www.europesays.com\/pt\/wp-json\/wp\/v2\/posts\/133691","targetHints":{"allow":["GET"]}}],"collection":[{"href":"https:\/\/www.europesays.com\/pt\/wp-json\/wp\/v2\/posts"}],"about":[{"href":"https:\/\/www.europesays.com\/pt\/wp-json\/wp\/v2\/types\/post"}],"author":[{"embeddable":true,"href":"https:\/\/www.europesays.com\/pt\/wp-json\/wp\/v2\/users\/2"}],"replies":[{"embeddable":true,"href":"https:\/\/www.europesays.com\/pt\/wp-json\/wp\/v2\/comments?post=133691"}],"version-history":[{"count":0,"href":"https:\/\/www.europesays.com\/pt\/wp-json\/wp\/v2\/posts\/133691\/revisions"}],"wp:featuredmedia":[{"embeddable":true,"href":"https:\/\/www.europesays.com\/pt\/wp-json\/wp\/v2\/media\/133692"}],"wp:attachment":[{"href":"https:\/\/www.europesays.com\/pt\/wp-json\/wp\/v2\/media?parent=133691"}],"wp:term":[{"taxonomy":"category","embeddable":true,"href":"https:\/\/www.europesays.com\/pt\/wp-json\/wp\/v2\/categories?post=133691"},{"taxonomy":"post_tag","embeddable":true,"href":"https:\/\/www.europesays.com\/pt\/wp-json\/wp\/v2\/tags?post=133691"}],"curies":[{"name":"wp","href":"https:\/\/api.w.org\/{rel}","templated":true}]}}