{"id":133719,"date":"2025-10-31T09:23:10","date_gmt":"2025-10-31T09:23:10","guid":{"rendered":"https:\/\/www.europesays.com\/pt\/133719\/"},"modified":"2025-10-31T09:23:10","modified_gmt":"2025-10-31T09:23:10","slug":"mansao-brasileira-esta-entre-as-mais-impressionantes-do-mundo","status":"publish","type":"post","link":"https:\/\/www.europesays.com\/pt\/133719\/","title":{"rendered":"Mans\u00e3o brasileira est\u00e1 entre as mais impressionantes do mundo"},"content":{"rendered":"<p>A Mans\u00e3o Safra, em <a href=\"https:\/\/atarde.com.br\/?q=S%C3%A3o+Paulo&amp;d=1\" target=\"_blank\" data-rel-defined=\"\" rel=\"nofollow noopener\">S\u00e3o Paulo<\/a>, \u00e9 a maior casa do Brasil e a \u00fanica representante da Am\u00e9rica Latina entre as maiores resid\u00eancias do mundo, segundo a Architectural Digest. Localizada no bairro do Morumbi, a mans\u00e3o foi constru\u00edda na d\u00e9cada de 1990, inspirada em pal\u00e1cios romanos, e conta com 130 quartos e heliponto, pertencendo \u00e0 fam\u00edlia Safra.<\/p>\n<p>No ranking global, ela aparece entre pal\u00e1cios hist\u00f3ricos e luxuosos de todo o mundo, como o Pal\u00e1cio Lakshmi Vilas, na \u00cdndia, a maior resid\u00eancia do planeta, com 2,8 milh\u00f5es de metros quadrados, abrigando apenas quatro pessoas. e o Pal\u00e1cio de Buckingham, em Londres, com 77 mil m\u00b2. Outros nomes incluem o Pal\u00e1cio de Versalhes, na Fran\u00e7a, e o Antilia, na \u00cdndia.<\/p>\n<p>Tudo sobre <strong class=\"atr-ctaWhatsApp-strong\">Mundo<\/strong> em primeira m\u00e3o!<\/p>\n<p><img decoding=\"async\" loading=\"lazy\" src=\"https:\/\/www.europesays.com\/pt\/wp-content\/uploads\/2025\/10\/Casa-brasileira-esta-entre-as-maiores-do-mundo-vej0136645200202510301043-1.webp\" alt=\"Pal\u00e1cio Lakshmi Vilas\"\/><\/p>\n<p>Pal\u00e1cio Lakshmi Vilas | Foto: Divulga\u00e7\u00e3o\/Architectural Digest<\/p>\n<p>Leia Tamb\u00e9m:Confira ranking:<\/p>\n<ul>\n<li>Pal\u00e1cio Lakshmi Vilas (Vadodara, \u00cdndia) \u2013 2,8 milh\u00f5es m\u00b2<\/li>\n<li>Ak Saray \u2013 Pal\u00e1cio Branco da Turquia (Ancara, Turquia) \u2013 288.000 m\u00b2<\/li>\n<li>Istana Nurul Iman (Brunei) \u2013 204.400 m\u00b2<\/li>\n<li>Pal\u00e1cio Apost\u00f3lico (Cidade do Vaticano) \u2013 157.000 m\u00b2<\/li>\n<li>Pal\u00e1cio do Quirinal (Roma, It\u00e1lia) \u2013 111.484 m\u00b2<\/li>\n<li>Pal\u00e1cio Umaid Bhawan (Jodhpur, \u00cdndia) \u2013 93.000 m\u00b2<\/li>\n<li>Pal\u00e1cio de Buckingham (Londres, Reino Unido) \u2013 77.000 m\u00b2<\/li>\n<li>Pal\u00e1cio de Versalhes (Versalhes, Fran\u00e7a) \u2013 67.000 m\u00b2<\/li>\n<li>Antilia (Mumbai, \u00cdndia) \u2013 37.000 m\u00b2<\/li>\n<li>Biltmore Estate (Asheville, EUA) \u2013 16.000 m\u00b2<\/li>\n<li>Mans\u00e3o Safra (S\u00e3o Paulo, Brasil) \u2013 10.900 m\u00b2<\/li>\n<\/ul>\n","protected":false},"excerpt":{"rendered":"A Mans\u00e3o Safra, em S\u00e3o Paulo, \u00e9 a maior casa do Brasil e a \u00fanica representante da Am\u00e9rica&hellip;\n","protected":false},"author":2,"featured_media":133720,"comment_status":"","ping_status":"","sticky":false,"template":"","format":"standard","meta":{"footnotes":""},"categories":[144],"tags":[30218,207,205,206,203,201,202,30219,30220,204,114,115,30221,30222,30223,30224,30225,32,33,30226],"class_list":{"0":"post-133719","1":"post","2":"type-post","3":"status-publish","4":"format-standard","5":"has-post-thumbnail","7":"category-arte-e-design","8":"tag-architectural-digest","9":"tag-arte","10":"tag-arte-e-design","11":"tag-artedesign","12":"tag-arts","13":"tag-arts-and-design","14":"tag-artsanddesign","15":"tag-casas-icnicas","16":"tag-casas-mais-luxuosas-do-mundo","17":"tag-design","18":"tag-entertainment","19":"tag-entretenimento","20":"tag-luxo-residencial","21":"tag-maior-casa-do-brasil","22":"tag-manso-safra","23":"tag-morumbi-so-paulo","24":"tag-palcios-histricos","25":"tag-portugal","26":"tag-pt","27":"tag-residncias-gigantes"},"share_on_mastodon":{"url":"https:\/\/pubeurope.com\/@pt\/115468055686992027","error":""},"_links":{"self":[{"href":"https:\/\/www.europesays.com\/pt\/wp-json\/wp\/v2\/posts\/133719","targetHints":{"allow":["GET"]}}],"collection":[{"href":"https:\/\/www.europesays.com\/pt\/wp-json\/wp\/v2\/posts"}],"about":[{"href":"https:\/\/www.europesays.com\/pt\/wp-json\/wp\/v2\/types\/post"}],"author":[{"embeddable":true,"href":"https:\/\/www.europesays.com\/pt\/wp-json\/wp\/v2\/users\/2"}],"replies":[{"embeddable":true,"href":"https:\/\/www.europesays.com\/pt\/wp-json\/wp\/v2\/comments?post=133719"}],"version-history":[{"count":0,"href":"https:\/\/www.europesays.com\/pt\/wp-json\/wp\/v2\/posts\/133719\/revisions"}],"wp:featuredmedia":[{"embeddable":true,"href":"https:\/\/www.europesays.com\/pt\/wp-json\/wp\/v2\/media\/133720"}],"wp:attachment":[{"href":"https:\/\/www.europesays.com\/pt\/wp-json\/wp\/v2\/media?parent=133719"}],"wp:term":[{"taxonomy":"category","embeddable":true,"href":"https:\/\/www.europesays.com\/pt\/wp-json\/wp\/v2\/categories?post=133719"},{"taxonomy":"post_tag","embeddable":true,"href":"https:\/\/www.europesays.com\/pt\/wp-json\/wp\/v2\/tags?post=133719"}],"curies":[{"name":"wp","href":"https:\/\/api.w.org\/{rel}","templated":true}]}}