{"id":133721,"date":"2025-10-31T09:25:39","date_gmt":"2025-10-31T09:25:39","guid":{"rendered":"https:\/\/www.europesays.com\/pt\/133721\/"},"modified":"2025-10-31T09:25:39","modified_gmt":"2025-10-31T09:25:39","slug":"secret-story-mae-de-ines-nao-hesita-e-contradiz-vera-a-minha-filha-nao-e-lesbica","status":"publish","type":"post","link":"https:\/\/www.europesays.com\/pt\/133721\/","title":{"rendered":"Secret Story&#8221;. M\u00e3e de In\u00eas n\u00e3o hesita e contradiz Vera: &#8220;A minha filha n\u00e3o \u00e9 l\u00e9sbica"},"content":{"rendered":"<p>Antes de ter sido expulsa do &#8220;Secret Story&#8221;, da TVI, <a href=\"https:\/\/selfie.iol.pt\/famosos\/casa-dos-segredos-9\/secret-story-vera-tem-reacao-inesperada-que-envolve-expulsao-de-ines\/20251022\/68f8c753d34e58bc67972daa\" target=\"_blank\" rel=\"nofollow noopener\">Vera estava muito pr\u00f3xima de In\u00eas Gama<\/a>, dando a entender, por algumas vezes, que algo mais poderia existir entre ambas.<\/p>\n<p>Carla Gama, a m\u00e3e da, ainda, concorrente do reality show da esta\u00e7\u00e3o de Queluz de Baixo, quebrou o sil\u00eancio sobre o tema.<\/p>\n<p>&#8220;A minha filha n\u00e3o \u00e9 l\u00e9sbica. A In\u00eas gosta de homens e tem namorado c\u00e1 fora&#8221;, come\u00e7ou por dizer, sem hesitar. em\u00a0entrevista \u00e0 revista\u00a0TV7 Dias.<\/p>\n<p>&#8220;A In\u00eas sente uma grande amizade pela Vera, mas nunca atra\u00e7\u00e3o por ela ser mulher. A minha filha apaixonada pela Vera? Nunca na vida. Ela n\u00e3o tem interesse nenhum na Vera e nunca teve&#8221;, vincou, ainda.<\/p>\n<p>Carla Gama acredita que Vera\u00a0\u201ctentou, se calhar, jogar um bocadinho com isso&#8221;.<\/p>\n<p>&#8220;Ela diz que quando sair quer ter uma conversa com a Vera, porque l\u00e1 dentro \u00e9 imposs\u00edvel esclarecer o que quer que seja. Se ela soubesse que iria dar naquilo, nunca se tinha chegado \u00e0 Vera como chegou&#8221;, defendeu a m\u00e3e da participante do &#8220;Secret Story&#8221;.<\/p>\n<p>Fora do reality show da TVI, <a href=\"https:\/\/selfie.iol.pt\/famosos\/casa-dos-segredos\/vera-claudia-faz-revelacao-sobre-ines-gama-ela-ja-quis-terminar-a-relacao-com-o-namorado\/20251021\/68f76ad6d34e58bc67972316\" target=\"_blank\" rel=\"nofollow noopener\">Vera referiu que In\u00eas lhe disse que iria terminar o namoro para ficar com ela<\/a>. &#8220;Tudo treta. Eu sei o que tenho c\u00e1 fora&#8221;,\u00a0frisou a entrevistada da referida publica\u00e7\u00e3o.<\/p>\n<p>Por fim, Carla Gama falou sobre o genro. &#8220;Ele conhece a namorada que tem, n\u00e3o lhe faz c\u00f3cegas nenhumas. Ele diz que est\u00e1 a adorar a presta\u00e7\u00e3o da namorada&#8221;, rematou.<\/p>\n","protected":false},"excerpt":{"rendered":"Antes de ter sido expulsa do &#8220;Secret Story&#8221;, da TVI, Vera estava muito pr\u00f3xima de In\u00eas Gama, dando&hellip;\n","protected":false},"author":2,"featured_media":133722,"comment_status":"","ping_status":"","sticky":false,"template":"","format":"standard","meta":{"footnotes":""},"categories":[142],"tags":[114,115,980,25393,30227,619,30228,32,33,1014,1292,1016,1315,1012,151,30229,162,11841],"class_list":{"0":"post-133721","1":"post","2":"type-post","3":"status-publish","4":"format-standard","5":"has-post-thumbnail","7":"category-tv","8":"tag-entertainment","9":"tag-entretenimento","10":"tag-famosos","11":"tag-ines-gama","12":"tag-lesbica","13":"tag-nacional","14":"tag-orientacao-sexual","15":"tag-portugal","16":"tag-pt","17":"tag-reality-show","18":"tag-revista","19":"tag-romance","20":"tag-secret-story","21":"tag-selfie","22":"tag-tv","23":"tag-tv7-dias","24":"tag-tvi","25":"tag-vera"},"share_on_mastodon":{"url":"https:\/\/pubeurope.com\/@pt\/115468063409130204","error":""},"_links":{"self":[{"href":"https:\/\/www.europesays.com\/pt\/wp-json\/wp\/v2\/posts\/133721","targetHints":{"allow":["GET"]}}],"collection":[{"href":"https:\/\/www.europesays.com\/pt\/wp-json\/wp\/v2\/posts"}],"about":[{"href":"https:\/\/www.europesays.com\/pt\/wp-json\/wp\/v2\/types\/post"}],"author":[{"embeddable":true,"href":"https:\/\/www.europesays.com\/pt\/wp-json\/wp\/v2\/users\/2"}],"replies":[{"embeddable":true,"href":"https:\/\/www.europesays.com\/pt\/wp-json\/wp\/v2\/comments?post=133721"}],"version-history":[{"count":0,"href":"https:\/\/www.europesays.com\/pt\/wp-json\/wp\/v2\/posts\/133721\/revisions"}],"wp:featuredmedia":[{"embeddable":true,"href":"https:\/\/www.europesays.com\/pt\/wp-json\/wp\/v2\/media\/133722"}],"wp:attachment":[{"href":"https:\/\/www.europesays.com\/pt\/wp-json\/wp\/v2\/media?parent=133721"}],"wp:term":[{"taxonomy":"category","embeddable":true,"href":"https:\/\/www.europesays.com\/pt\/wp-json\/wp\/v2\/categories?post=133721"},{"taxonomy":"post_tag","embeddable":true,"href":"https:\/\/www.europesays.com\/pt\/wp-json\/wp\/v2\/tags?post=133721"}],"curies":[{"name":"wp","href":"https:\/\/api.w.org\/{rel}","templated":true}]}}