{"id":133727,"date":"2025-10-31T09:29:13","date_gmt":"2025-10-31T09:29:13","guid":{"rendered":"https:\/\/www.europesays.com\/pt\/133727\/"},"modified":"2025-10-31T09:29:13","modified_gmt":"2025-10-31T09:29:13","slug":"um-novo-e-poderoso-antibiotico-estava-ha-decadas-escondido-a-vista-de-todos","status":"publish","type":"post","link":"https:\/\/www.europesays.com\/pt\/133727\/","title":{"rendered":"Um novo e poderoso antibi\u00f3tico estava h\u00e1 d\u00e9cadas escondido \u00e0 vista de todos"},"content":{"rendered":"<p class=\"wp-caption-text top\">ZAP \/\/ Corre, C., Challis, G., Alkhalaf, L. et al Warwick University <\/p>\n<p><img decoding=\"async\" loading=\"lazy\" class=\"size-kopa-image-size-3 wp-image-708743\" src=\"https:\/\/www.europesays.com\/pt\/wp-content\/uploads\/2025\/10\/c81e728d9d4c2f636f067f89cc14862c-783x450.jpg\" alt=\"\" width=\"700\" height=\"402\"  \/><\/p>\n<p><strong>Uma equipa de investigadores acaba de identificar um novo antibi\u00f3tico poderoso. A importante descoberta n\u00e3o foi feita atrav\u00e9s da explora\u00e7\u00e3o de novos territ\u00f3rios, mas revisitando terreno familiar.<\/strong><\/p>\n<p>Investigadores da Universidade de Warwick, no Reino Unido, e da Universidade Monash, na Austr\u00e1lia, descobriram um composto, designado <strong>lactona de pr\u00e9-metilenomicina C<\/strong>, com importantes propriedades antibi\u00f3ticas.<\/p>\n<p>Embora nunca tivesse sido detetado antes, o composto tem origem num tipo de bact\u00e9ria que os cientistas <strong>estudam h\u00e1 d\u00e9cadas<\/strong>.<\/p>\n<p>A descoberta foi apresentada num <a href=\"https:\/\/pubs.acs.org\/doi\/10.1021\/jacs.5c12501\" data-wpel-link=\"external\" target=\"_blank\" rel=\"nofollow external noopener noreferrer\" class=\"ext-link\">artigo<\/a> publicado na segunda-feira na Journal of the American Chemical Society.<\/p>\n<p>O composto, que poder\u00e1 ajudar a combater bact\u00e9rias que se tornaram cada vez mais <strong>resistentes aos tratamentos modernos<\/strong>, \u00e9, na realidade, um qu\u00edmico intermedi\u00e1rio que \u00e9 criado durante o <strong>processo de fabrico de outro antibi\u00f3tico<\/strong>, designado <strong>metilenomicina A<\/strong>, explica o <a href=\"https:\/\/www.sciencealert.com\/powerful-new-antibiotic-was-hiding-in-plain-sight-for-decades\" data-wpel-link=\"external\" target=\"_blank\" rel=\"nofollow external noopener noreferrer\" class=\"ext-link\">Science Alert<\/a>.<\/p>\n<p>\u201cA Streptomyces coelicolor, bact\u00e9ria que produz a metilenomicina A e a lactona de pr\u00e9-metilenomicina C, \u00e9 uma esp\u00e9cie modelo produtora de antibi\u00f3ticos que tem sido <strong>estudada extensivamente desde a d\u00e9cada de 1950<\/strong>\u201c, afirma a qu\u00edmica <strong>Lona\u00a0Alkhalaf<\/strong>, investigadora da Universidade de Warwick e co-autora do artigo, em <a href=\"https:\/\/warwick.ac.uk\/news\/pressreleases\/new_antibiotic_for_drug_resistant_bacteria_found_hiding_in_plain_sight\/\" data-wpel-link=\"external\" target=\"_blank\" rel=\"nofollow external noopener noreferrer\" class=\"ext-link\">comunicado<\/a> da universidade.<\/p>\n<p>\u201cEncontrar um novo antibi\u00f3tico num organismo t\u00e3o familiar foi uma verdadeira surpresa\u201d, acrescenta a investigadora.<\/p>\n<p>Nos testes laboratoriais conduzidos pelos investigadores, a lactona de pr\u00e9-metilenomicina C demonstrou ser <strong>100 vezes mais eficaz<\/strong> do que a metilenomicina A contra bact\u00e9rias Gram-positivas, o tipo que est\u00e1 a tornar-se mais h\u00e1bil a contornar os nossos antibi\u00f3ticos atuais.<\/p>\n<p>No seu estudo, os investigadores tinham decidido examinar mais de perto a metilenomicina A, modificando os genes utilizados na linha de montagem do antibi\u00f3tico, para perceber <strong>o que cada um fazia<\/strong>.<\/p>\n<p>Os compostos resultantes, descritos como <strong>intermedi\u00e1rios biossint\u00e9ticos<\/strong>, foram depois testados quanto \u00e0 sua atividade antibi\u00f3tica.<\/p>\n<p>\u201cA metilenomicina A <strong>foi originalmente descoberta h\u00e1 50 anos<\/strong> e, embora tenha sido sintetizada v\u00e1rias vezes, parece que ningu\u00e9m testou os intermedi\u00e1rios sint\u00e9ticos quanto \u00e0 atividade antimicrobiana\u201d, explica o qu\u00edmico <strong>Greg Challis<\/strong>, da Universidade de Warwick e autor principal do estudo.<\/p>\n<p>A equipa descobriu que a lactona de pr\u00e9-metilenomicina C era eficaz contra as bact\u00e9rias respons\u00e1veis tanto pelo Staphylococcus aureus resistente \u00e0 meticilina (MRSA) como pelo Enterococcus resistente \u00e0 vancomicina (VRE), duas das infe\u00e7\u00f5es que se revelam m<strong>ais problem\u00e1ticas para os antibi\u00f3ticos existentes<\/strong>.<\/p>\n<p>O que \u00e9 particularmente promissor \u00e9 que as bact\u00e9rias Enterococcus expostas \u00e0 lactona de pr\u00e9-metilenomicina C durante 28 dias consecutivos n\u00e3o desenvolveram resist\u00eancia ao composto, sugerindo que este<strong> poder\u00e1 manter-se eficaz<\/strong> a longo prazo.<\/p>\n<p>Com os especialistas cada vez mais preocupados com a resist\u00eancia aos antibi\u00f3ticos, j\u00e1 respons\u00e1vel por milh\u00f5es de mortes por ano, a necessidade de <strong>medicamentos novos e resilientes<\/strong> para combater infe\u00e7\u00f5es \u00e9 urgente, \u00e0 medida que as bact\u00e9rias continuam a evoluir.<\/p>\n<p>Os investigadores veem tamb\u00e9m potencial em examinar os intermedi\u00e1rios de outros antibi\u00f3ticos para perceber se h\u00e1 mais compostos como este por descobrir. \u201cEsta descoberta <strong>sugere um novo paradigma<\/strong> para a descoberta de antibi\u00f3ticos\u201d, conclui Challis.<\/p>\n<p>    <a href=\"https:\/\/zap.aeiou.pt\/subscrever-newsletter\" data-wpel-link=\"internal\" rel=\"nofollow noopener\" target=\"_blank\">&#13;<br \/>\n        <img loading=\"lazy\" decoding=\"async\" class=\"aligncenter size-full wp-image-575475\" src=\"https:\/\/www.europesays.com\/pt\/wp-content\/uploads\/2025\/10\/1759862234_971_2d51fe4a0ba54894421ead1809309ed9-1-450x140.jpg\" alt=\"Subscreva a Newsletter ZAP\" width=\"450\" height=\"140\"\/>&#13;<br \/>\n    <\/a><\/p>\n<p>                <a href=\"https:\/\/whatsapp.com\/channel\/0029VaIC4EE2f3EJZPPSbR34\" data-wpel-link=\"external\" target=\"_blank\" rel=\"nofollow external noopener noreferrer\" class=\"ext-link\">&#13;<br \/>\n                    <img loading=\"lazy\" decoding=\"async\" class=\"aligncenter size-full wp-image-575475\" src=\"https:\/\/www.europesays.com\/pt\/wp-content\/uploads\/2025\/10\/1759862234_512_c68c559d956d4ca20f435ed74a6e71e6.png\" alt=\"Siga-nos no WhatsApp\" width=\"175\" height=\"64\"\/>&#13;<br \/>\n                <\/a><\/p>\n<p>                <a href=\"https:\/\/news.google.com\/publications\/CAAiEHRwZondIV71PDjWNoqMduEqFAgKIhB0cGaJ3SFe9Tw41jaKjHbh?hl=en-US&amp;gl=US&amp;ceid=US%3Aen\" data-wpel-link=\"external\" target=\"_blank\" rel=\"nofollow external noopener noreferrer\" class=\"ext-link\">&#13;<br \/>\n                    <img loading=\"lazy\" decoding=\"async\" class=\"aligncenter size-full wp-image-575475\" src=\"https:\/\/www.europesays.com\/pt\/wp-content\/uploads\/2025\/10\/1759862235_242_5123dd8b087b644fdb8f8603acd1bad4.png\" alt=\"Siga-nos no Google News\" width=\"176\" height=\"64\"\/>&#13;<br \/>\n                <\/a><\/p>\n","protected":false},"excerpt":{"rendered":"ZAP \/\/ Corre, C., Challis, G., Alkhalaf, L. et al Warwick University Uma equipa de investigadores acaba de&hellip;\n","protected":false},"author":2,"featured_media":133728,"comment_status":"","ping_status":"","sticky":false,"template":"","format":"standard","meta":{"footnotes":""},"categories":[86],"tags":[10045,11711,116,9496,32,33,117],"class_list":{"0":"post-133727","1":"post","2":"type-post","3":"status-publish","4":"format-standard","5":"has-post-thumbnail","7":"category-saude","8":"tag-antibioticos","9":"tag-biotecnologia","10":"tag-health","11":"tag-microbiologia","12":"tag-portugal","13":"tag-pt","14":"tag-saude"},"share_on_mastodon":{"url":"https:\/\/pubeurope.com\/@pt\/115468079449555499","error":""},"_links":{"self":[{"href":"https:\/\/www.europesays.com\/pt\/wp-json\/wp\/v2\/posts\/133727","targetHints":{"allow":["GET"]}}],"collection":[{"href":"https:\/\/www.europesays.com\/pt\/wp-json\/wp\/v2\/posts"}],"about":[{"href":"https:\/\/www.europesays.com\/pt\/wp-json\/wp\/v2\/types\/post"}],"author":[{"embeddable":true,"href":"https:\/\/www.europesays.com\/pt\/wp-json\/wp\/v2\/users\/2"}],"replies":[{"embeddable":true,"href":"https:\/\/www.europesays.com\/pt\/wp-json\/wp\/v2\/comments?post=133727"}],"version-history":[{"count":0,"href":"https:\/\/www.europesays.com\/pt\/wp-json\/wp\/v2\/posts\/133727\/revisions"}],"wp:featuredmedia":[{"embeddable":true,"href":"https:\/\/www.europesays.com\/pt\/wp-json\/wp\/v2\/media\/133728"}],"wp:attachment":[{"href":"https:\/\/www.europesays.com\/pt\/wp-json\/wp\/v2\/media?parent=133727"}],"wp:term":[{"taxonomy":"category","embeddable":true,"href":"https:\/\/www.europesays.com\/pt\/wp-json\/wp\/v2\/categories?post=133727"},{"taxonomy":"post_tag","embeddable":true,"href":"https:\/\/www.europesays.com\/pt\/wp-json\/wp\/v2\/tags?post=133727"}],"curies":[{"name":"wp","href":"https:\/\/api.w.org\/{rel}","templated":true}]}}