{"id":133735,"date":"2025-10-31T09:38:07","date_gmt":"2025-10-31T09:38:07","guid":{"rendered":"https:\/\/www.europesays.com\/pt\/133735\/"},"modified":"2025-10-31T09:38:07","modified_gmt":"2025-10-31T09:38:07","slug":"assalto-ao-louvre-cinco-novos-suspeitos-detidos-euronews-com","status":"publish","type":"post","link":"https:\/\/www.europesays.com\/pt\/133735\/","title":{"rendered":"Assalto ao Louvre: cinco novos suspeitos detidos &#8211; Euronews.com"},"content":{"rendered":"<ol>\n<li><a href=\"https:\/\/news.google.com\/rss\/articles\/CBMiigFBVV95cUxQM0xuWFpTWTVUUWx2ak9lSThkNHU2N2YyQW94cldWVGZlNTlHamc0OTRLVVJGbWR1aDZhR0tVSkg4UVB3R2xaS0ZBY3poX2g3TmFuV0xweGJidkVwdWJBbU5FYTJ6R2wxQUlncTRWbzgyS0J6bmlPQnpxSFJYeTN5X05CM1VzQVdya3c?oc=5\" target=\"_blank\" rel=\"nofollow noopener\">Assalto ao Louvre: cinco novos suspeitos detidos<\/a>&nbsp;&nbsp;Euronews.com<\/li>\n<li><a href=\"https:\/\/news.google.com\/rss\/articles\/CBMi0AFBVV95cUxPRkFQaWpSbmpaZEFJTEc4WDlXb3ZhT2Q1eWxSOWRWaF9qYTJwa1NyUWMzV0JxOG5ORWNYeDFLOF8tTjBzWVBha0RrdjJaN3E5S2p0ZEcwR01hYlhHcl95Ym0zNjk5RFRlcXBmdDNVdHFZRDVUYkVHdUttbDIxcktGM0M3MW5wZ3VHeWMyMl9ic3l3OXZDYjVnRlg1S2pUVldYX3g5WjdyZDBpaThaWVF6Rk54OGR4RElNSXZjYzJsZXFVeDFhRHc4ZTRSd0pIM3Nx?oc=5\" target=\"_blank\" rel=\"nofollow noopener\">Pol\u00edcia francesa prende mais cinco suspeitos de roubo no Museu do Louvre<\/a>&nbsp;&nbsp;UOL Not\u00edcias<\/li>\n<li><a href=\"https:\/\/news.google.com\/rss\/articles\/CBMivwFBVV95cUxNNHlSOW40Tm05QjZiU3VCWi1wQnB2X0JuMWJOYjkycUVGUUV5QVhaa0QxRTRNM2RhN0ZveE5PVVdTNzRmcU1ncG81ejJFQlowOVdNd2dpdUtvUDRDR1RTQ1R5ajhtbXR1aWNZdm1fVGFzSDJ2OWg0SE9yRUlCQmw5QXB5NWJBZDZ0a0NtUjQ2U2NXMVItV0JsT1ozWF90anJneW9fYlo3bF82NS1EVnJkcUxqZW5pRzlJVzlIa2ktcw?oc=5\" target=\"_blank\" rel=\"nofollow noopener\">Cenas de um roubo de cinema: como ladr\u00f5es roubaram as joias de Napole\u00e3o do Louvre<\/a>&nbsp;&nbsp;Estad\u00e3o<\/li>\n<li><a href=\"https:\/\/news.google.com\/rss\/articles\/CBMi5wJBVV95cUxOeW9XdGxCdHR0a3piY2tSbGlDNjhVZ0UzNGtnNzlNTnRleW5ZQUNCbTBmWHhmZmNYb21uNnd5d2gySmkzcjZlTjFYa2paQzZzU0hONFhDTm1hb2N4N1VJd3JmdmhGMHhfS05IdEM4a2VNVmVjdWt3X2xjX1RITnA0SzJZTHZNTVZiMTFlQjgwb1Ixa0hldHBhNnFkTFZva3p4Q0prV0lzUmFQVDc5RVc0X0c5M0ZDODZEZTRhTGw5QW14aXdhdUFqekdNb05ZeFRCdng4WllUVXlIbXNBZWtUODBIakF0ZnZUNWxNQUpqeU03M1pJQjJtdjk3SHJJb2tWSW5pWFA0bzJQcl8xQndrLWxodDBmNzI2Vk1TekU5ZG4zd3pTZ3hvUVRDM2NyZTIyLTNUZlRaV0d3ZDVlcHF5T3pIOEhpb2xwemlKM0R1NFk2eXZEX1dFeHRJR3dXTENwRkxuc2hvb9IB9gJBVV95cUxNZU13RWJhWmhfeEN5UGFVSm9zVUhjRy1IMlprSnh5bTF2ZHdvRmpXMEFLeHdNTGhISGtPMDZTVTZNdTFnamk3angyaFN5QkR3TFFHbXdiOVpzN2VrNG5CTVlXUzJvQTU5SFV5ZTdtNTJVSF9VYWRlUzU5eWlYVThRRlFVejkxSzctNkF6RHZuRThMM01aYkNrVWx4R3lWcHBlZXY4VUotYTJiekdPaFRRT3NEbDZiQ2ltVGRoS1AzUmhxMDFPYTVZRkk3MUQ2NlpCS2hOVHhHekVwcDZIUzBsZEhFalhIenZIYVdGUWR1UXllV09xQ2xKZ3E4bXFWVGRHNHh1NlMxMFJDWFhMNlVKemFxZHRDNWQ0RmtUZHROZ2RCZnpGT2xkRWtfTzVzNWZDZXdFU1gxYnpNX2ZEMVQzc3dVQUJfN05GaVlzMHpYTW5HY05IQ2pBaU9iZ0tycGNNclpvS25pR0dhMVA1WGZPdE9OZHNIdw?oc=5\" target=\"_blank\" rel=\"nofollow noopener\">Resum\u00e3o di\u00e1rio #1722: Opera\u00e7\u00e3o mais letal do Rio e a pol\u00edtica de seguran\u00e7a p\u00fablica do estado; Pris\u00e3o de novos suspeitos por roubo de joias do Louvre; Testes com armas nucleares e mais<\/a>&nbsp;&nbsp;G1<\/li>\n<li><a href=\"https:\/\/news.google.com\/rss\/articles\/CBMiYkFVX3lxTE9hUjFjSUoxeXM1SDkxN09QSG9LRXJyUDJMdW1RZDlhSmVUSDIwZkhSWFM3bExIVXpINmhpaFBlU1JYeE5NbDJUelpLTWNzTFFBZUdVd1VmYlZiOFFYQlVaTTV30gFnQVVfeXFMTVFSLVItSlJ3TUhTSW03VVNpVVFiNGJGd21zX2dVR1FBYmtrNEhBZVJBeGZ5cG5ZYnB3Vzh3eU44cmJTTkhrVXdJWnZqdk05VlRCdGRxNV80bm5QcEY0OVQzSEUwWHpZSQ?oc=5\" target=\"_blank\" rel=\"nofollow noopener\">Como roubo de Mona Lisa no Louvre fez dela a pintura mais famosa do mundo<\/a>&nbsp;&nbsp;BBC<\/li>\n<\/ol>\n","protected":false},"excerpt":{"rendered":"Assalto ao Louvre: cinco novos suspeitos detidos&nbsp;&nbsp;Euronews.com Pol\u00edcia francesa prende mais cinco suspeitos de roubo no Museu do&hellip;\n","protected":false},"author":2,"featured_media":129359,"comment_status":"","ping_status":"","sticky":false,"template":"","format":"standard","meta":{"footnotes":""},"categories":[144],"tags":[207,205,206,203,201,202,204,114,115,32,33],"class_list":{"0":"post-133735","1":"post","2":"type-post","3":"status-publish","4":"format-standard","5":"has-post-thumbnail","7":"category-arte-e-design","8":"tag-arte","9":"tag-arte-e-design","10":"tag-artedesign","11":"tag-arts","12":"tag-arts-and-design","13":"tag-artsanddesign","14":"tag-design","15":"tag-entertainment","16":"tag-entretenimento","17":"tag-portugal","18":"tag-pt"},"share_on_mastodon":{"url":"https:\/\/pubeurope.com\/@pt\/115468114542275315","error":""},"_links":{"self":[{"href":"https:\/\/www.europesays.com\/pt\/wp-json\/wp\/v2\/posts\/133735","targetHints":{"allow":["GET"]}}],"collection":[{"href":"https:\/\/www.europesays.com\/pt\/wp-json\/wp\/v2\/posts"}],"about":[{"href":"https:\/\/www.europesays.com\/pt\/wp-json\/wp\/v2\/types\/post"}],"author":[{"embeddable":true,"href":"https:\/\/www.europesays.com\/pt\/wp-json\/wp\/v2\/users\/2"}],"replies":[{"embeddable":true,"href":"https:\/\/www.europesays.com\/pt\/wp-json\/wp\/v2\/comments?post=133735"}],"version-history":[{"count":0,"href":"https:\/\/www.europesays.com\/pt\/wp-json\/wp\/v2\/posts\/133735\/revisions"}],"wp:featuredmedia":[{"embeddable":true,"href":"https:\/\/www.europesays.com\/pt\/wp-json\/wp\/v2\/media\/129359"}],"wp:attachment":[{"href":"https:\/\/www.europesays.com\/pt\/wp-json\/wp\/v2\/media?parent=133735"}],"wp:term":[{"taxonomy":"category","embeddable":true,"href":"https:\/\/www.europesays.com\/pt\/wp-json\/wp\/v2\/categories?post=133735"},{"taxonomy":"post_tag","embeddable":true,"href":"https:\/\/www.europesays.com\/pt\/wp-json\/wp\/v2\/tags?post=133735"}],"curies":[{"name":"wp","href":"https:\/\/api.w.org\/{rel}","templated":true}]}}