{"id":133741,"date":"2025-10-31T09:43:15","date_gmt":"2025-10-31T09:43:15","guid":{"rendered":"https:\/\/www.europesays.com\/pt\/133741\/"},"modified":"2025-10-31T09:43:15","modified_gmt":"2025-10-31T09:43:15","slug":"ruben-amorim-nomeado-para-treinador-do-mes-de-outubro-da-premier-league","status":"publish","type":"post","link":"https:\/\/www.europesays.com\/pt\/133741\/","title":{"rendered":"Ruben Amorim nomeado para treinador do m\u00eas de outubro da Premier League"},"content":{"rendered":"<p>&#8211; Advertisement &#8211;<\/p>\n<p><strong>Ruben Amorim foi nomeado para o pr\u00e9mio de treinador do m\u00eas da Premier League. \u00c9 a primeira vez em que o t\u00e9cnico est\u00e1 entre os finalistas.<\/strong><\/p>\n<p>Ruben Amorim est\u00e1 nomeado para treinador do m\u00eas de outubro da Premier League. O treinador portugu\u00eas do Manchester United est\u00e1 na lista curta de quatro t\u00e9cnicos que podem vencer o pr\u00e9mio, juntamente com Mikel Arteta (Arsenal), Andoni Iraola (Bournemouth) e Unai Emery (Aston Villa).<\/p>\n<p>Esta \u00e9 a primeira vez que Ruben Amorim est\u00e1 entre os nomeados para treinador do m\u00eas da Premier League, depois de os red devils terem vencido os tr\u00eas jogos do campeonato frente a Sunderland (2-0), Liverpool (2-1) e <a href=\"https:\/\/bolanarede.pt\/especial-bola-na-rede\/atualidade\/manchester-united-de-ruben-amorim-volta-a-vencer-e-sobe-ao-top-4-da-premier-league\/\" target=\"_blank\" rel=\"noreferrer noopener nofollow\">Brighton <\/a>(4-2).<\/p>\n<p>Al\u00e9m de Ruben Amorim, o Manchester United est\u00e1 tamb\u00e9m representado para o pr\u00e9mio de jogador do m\u00eas por Bryan Mbeumo. Al\u00e9m do avan\u00e7ado, est\u00e3o tamb\u00e9m em disputa Matty Cash, Bruno Guimar\u00e3es, Erling Haaland, Junior Kroupi, Nordi Mukiele, Igor Thiago e Jurrien Timber.<\/p>\n<blockquote class=\"twitter-tweet\" data-width=\"550\" data-dnt=\"true\">\n<p lang=\"en\" dir=\"ltr\">Four managers guiding their sides to unbeaten months \ud83d\udc4f<\/p>\n<p>Who gets your vote for <a href=\"https:\/\/twitter.com\/BarclaysFooty?ref_src=twsrc%5Etfw\" rel=\"nofollow noopener\" target=\"_blank\">@BarclaysFooty<\/a> Manager of the Month? \ud83d\udc40<\/p>\n<p>\u2014 Premier League (@premierleague) <a href=\"https:\/\/twitter.com\/premierleague\/status\/1983866477796315511?ref_src=twsrc%5Etfw\" rel=\"nofollow noopener\" target=\"_blank\">October 30, 2025<\/a><\/p><\/blockquote>\n<p><script async src=\"https:\/\/platform.twitter.com\/widgets.js\" charset=\"utf-8\"><\/script><\/p>\n","protected":false},"excerpt":{"rendered":"&#8211; Advertisement &#8211; Ruben Amorim foi nomeado para o pr\u00e9mio de treinador do m\u00eas da Premier League. \u00c9&hellip;\n","protected":false},"author":2,"featured_media":133742,"comment_status":"","ping_status":"","sticky":false,"template":"","format":"standard","meta":{"footnotes":""},"categories":[87],"tags":[260,135,663,32,666,33,1052,134],"class_list":{"0":"post-133741","1":"post","2":"type-post","3":"status-publish","4":"format-standard","5":"has-post-thumbnail","7":"category-desporto","8":"tag-atualidade","9":"tag-desporto","10":"tag-manchester-united","11":"tag-portugal","12":"tag-premier-league","13":"tag-pt","14":"tag-ruben-amorim","15":"tag-sports"},"share_on_mastodon":{"url":"https:\/\/pubeurope.com\/@pt\/115468134324636998","error":""},"_links":{"self":[{"href":"https:\/\/www.europesays.com\/pt\/wp-json\/wp\/v2\/posts\/133741","targetHints":{"allow":["GET"]}}],"collection":[{"href":"https:\/\/www.europesays.com\/pt\/wp-json\/wp\/v2\/posts"}],"about":[{"href":"https:\/\/www.europesays.com\/pt\/wp-json\/wp\/v2\/types\/post"}],"author":[{"embeddable":true,"href":"https:\/\/www.europesays.com\/pt\/wp-json\/wp\/v2\/users\/2"}],"replies":[{"embeddable":true,"href":"https:\/\/www.europesays.com\/pt\/wp-json\/wp\/v2\/comments?post=133741"}],"version-history":[{"count":0,"href":"https:\/\/www.europesays.com\/pt\/wp-json\/wp\/v2\/posts\/133741\/revisions"}],"wp:featuredmedia":[{"embeddable":true,"href":"https:\/\/www.europesays.com\/pt\/wp-json\/wp\/v2\/media\/133742"}],"wp:attachment":[{"href":"https:\/\/www.europesays.com\/pt\/wp-json\/wp\/v2\/media?parent=133741"}],"wp:term":[{"taxonomy":"category","embeddable":true,"href":"https:\/\/www.europesays.com\/pt\/wp-json\/wp\/v2\/categories?post=133741"},{"taxonomy":"post_tag","embeddable":true,"href":"https:\/\/www.europesays.com\/pt\/wp-json\/wp\/v2\/tags?post=133741"}],"curies":[{"name":"wp","href":"https:\/\/api.w.org\/{rel}","templated":true}]}}