{"id":133765,"date":"2025-10-31T10:05:33","date_gmt":"2025-10-31T10:05:33","guid":{"rendered":"https:\/\/www.europesays.com\/pt\/133765\/"},"modified":"2025-10-31T10:05:33","modified_gmt":"2025-10-31T10:05:33","slug":"casal-muito-famoso-vai-ser-pai-nao-se-diria-que-combinavam-novelas","status":"publish","type":"post","link":"https:\/\/www.europesays.com\/pt\/133765\/","title":{"rendered":"Casal muito famoso vai ser pai: \u00abN\u00e3o se diria que combinavam\u00bb &#8211; Novelas"},"content":{"rendered":"<p>H\u00e1 mais uma boa-nova no mundo dos famosos! <a href=\"https:\/\/tvi.iol.pt\/novelas\/ana-sofia-martins\/vestido\/lembra-se-deste-vestido-epico-de-ana-sofia-martins-nem-vai-acreditar-em-como-foi-feito\" rel=\"nofollow noopener\" target=\"_blank\"><strong>Ana Sofia Martins<\/strong><\/a>, de 38 anos, e <a href=\"https:\/\/tvi.iol.pt\/novelas\/videos\/david-fonseca-tece-largos-elogios-a-companheira-ana-sofia-martins-ela-desafia-me-muito\/64f74db60cf25f9953813e6f\" rel=\"nofollow noopener\" target=\"_blank\"><strong>David Fonseca<\/strong><\/a>, de 52, preparam-se para<strong> ser pais do primeiro filho em comum.<\/strong> A not\u00edcia surgiu quando Ana Sofia marcou presen\u00e7a no Tribeca Festival, em Lisboa, na passada quarta-feira, 29 de outubro, exibindo com eleg\u00e2ncia uma discreta (mas vis\u00edvel) \u2018barriguinha\u2019 de gr\u00e1vida.<\/p>\n<blockquote class=\"instagram-media\" data-instgrm-captioned=\"\" data-instgrm-permalink=\"https:\/\/www.instagram.com\/p\/DQZ-qAgDVA3\/?utm_source=ig_embed&amp;utm_campaign=loading\" data-instgrm-version=\"14\" style=\" background:#FFF; border:0; border-radius:3px; box-shadow:0 0 1px 0 rgba(0,0,0,0.5),0 1px 10px 0 rgba(0,0,0,0.15); margin: 1px; max-width:540px; min-width:326px; padding:0; width:99.375%; width:-webkit-calc(100% - 2px); width:calc(100% - 2px);\">\n<\/blockquote>\n<p>O casal, que sempre manteve uma postura reservada em rela\u00e7\u00e3o \u00e0 vida pessoal, surpreendeu os presentes e os f\u00e3s com esta revela\u00e7\u00e3o inesperada. Rapidamente, as redes sociais e os programas de televis\u00e3o encheram-se de mensagens de carinho e felicita\u00e7\u00f5es.<\/p>\n<p>No programa \u00ab<a href=\"https:\/\/tvi.iol.pt\/doisas10\/\" rel=\"nofollow noopener\" target=\"_blank\">Dois \u00e0s 10<\/a>\u00bb, Cristina Ferreira e Cl\u00e1udio Ramos n\u00e3o esconderam a alegria com a novidade. \u201cQuando n\u00e3o se diria que combinavam, eles combinam mesmo\u201d, afirmou Cristina, elogiando a harmonia e cumplicidade do casal. Tamb\u00e9m os comentadores presentes se mostraram encantados com a not\u00edcia, sublinhando que Ana Sofia e David formam um par bonito.<\/p>\n<p>Recorde-se que Ana Sofia Martins \u00e9 modelo, apresentadora e atriz.\u00a0Come\u00e7ou a sua carreira no mundo da representa\u00e7\u00e3o em 2015, com a novela<a href=\"https:\/\/tviplayer.iol.pt\/programa\/a-unica-mulher\/54f9c2bb0cf242bc65d670fa\" wbo-id=\"51\" rel=\"nofollow noopener\" target=\"_blank\">\u00a0\u00abA \u00danica Mulher\u00bb<\/a>.<\/p>\n<p>Depois disso, integrou nos projetos de fic\u00e7\u00e3o da TVI:<a href=\"https:\/\/tviplayer.iol.pt\/programa\/ouro-verde\/580ddfd80cf2e48931e73e83\" wbo-id=\"52\" rel=\"nofollow noopener\" target=\"_blank\">\u00a0\u00abOuro Verde\u00bb<\/a>,\u00a0<a href=\"https:\/\/tviplayer.iol.pt\/programa\/valor-da-vida\/5af01a3e0cf248a372351467\" wbo-id=\"53\" rel=\"nofollow noopener\" target=\"_blank\">\u00abValor da Vida\u00bb<\/a>,\u00a0<a href=\"https:\/\/tviplayer.iol.pt\/programa\/quer-o-destino\/5e259d4f0cf207193068e0d1\" wbo-id=\"54\" rel=\"nofollow noopener\" target=\"_blank\">\u00abQuer o Destino\u00bb<\/a>. E, participou na miniss\u00e9rie<a href=\"https:\/\/tvi.iol.pt\/novelas\/ana-sofia-martins\/serie-a\/ana-sofia-martins-esta-de-regresso-a-ficcao-da-tvi-em-serie-baseada-num-caso-que-chocou-o-mundo\" wbo-id=\"55\" rel=\"nofollow noopener\" target=\"_blank\">\u00a0\u00abJo\u00e3o Sem Deus\u00bb<\/a>.<\/p>\n<p>A artista, tamb\u00e9m, j\u00e1 apresentou programas, entre eles: \u00abA Tarde \u00e9 Sua\u00bb e \u00abCabelo Pantene\u00bb.<\/p>\n<p>J\u00e1 David Fonseca \u00e9 um dos m\u00fasicos mais talentosos e criativos do panorama nacional, com uma carreira s\u00f3lida e recheada de sucessos, sendo vocalista dos Silence 4. Os dois s\u00e3o casados.<\/p>\n<p>Agora, o casal prepara-se para viver uma das fases mais especiais das suas vidas \u2014 a chegada do primeiro filho \u2014, num momento que promete refor\u00e7ar ainda mais a bonita hist\u00f3ria de amor que os une.<\/p>\n<p>                        <script async src=\"\/\/www.instagram.com\/embed.js\"><\/script><\/p>\n","protected":false},"excerpt":{"rendered":"H\u00e1 mais uma boa-nova no mundo dos famosos! Ana Sofia Martins, de 38 anos, e David Fonseca, de&hellip;\n","protected":false},"author":2,"featured_media":133766,"comment_status":"","ping_status":"","sticky":false,"template":"","format":"standard","meta":{"footnotes":""},"categories":[145],"tags":[160,30014,211,210,329,166,30015,801,114,115,157,167,1041,164,161,158,165,159,32,33,156,163,162],"class_list":{"0":"post-133765","1":"post","2":"type-post","3":"status-publish","4":"format-standard","5":"has-post-thumbnail","7":"category-celebridades","8":"tag-ana-guiomar","9":"tag-ana-sofia-martins","10":"tag-celebridades","11":"tag-celebrities","12":"tag-claudio-ramos","13":"tag-cristina-ferreira","14":"tag-david-fonseca","15":"tag-dois-as-10","16":"tag-entertainment","17":"tag-entretenimento","18":"tag-festa-e-festa","19":"tag-ficcao","20":"tag-gravidez","21":"tag-jose-fidalgo","22":"tag-novelas","23":"tag-para-sempre","24":"tag-pedro-sousa","25":"tag-pedro-teixeira","26":"tag-portugal","27":"tag-pt","28":"tag-queridos-papas","29":"tag-tiago-teotonio-pereira","30":"tag-tvi"},"share_on_mastodon":{"url":"https:\/\/pubeurope.com\/@pt\/115468220879944861","error":""},"_links":{"self":[{"href":"https:\/\/www.europesays.com\/pt\/wp-json\/wp\/v2\/posts\/133765","targetHints":{"allow":["GET"]}}],"collection":[{"href":"https:\/\/www.europesays.com\/pt\/wp-json\/wp\/v2\/posts"}],"about":[{"href":"https:\/\/www.europesays.com\/pt\/wp-json\/wp\/v2\/types\/post"}],"author":[{"embeddable":true,"href":"https:\/\/www.europesays.com\/pt\/wp-json\/wp\/v2\/users\/2"}],"replies":[{"embeddable":true,"href":"https:\/\/www.europesays.com\/pt\/wp-json\/wp\/v2\/comments?post=133765"}],"version-history":[{"count":0,"href":"https:\/\/www.europesays.com\/pt\/wp-json\/wp\/v2\/posts\/133765\/revisions"}],"wp:featuredmedia":[{"embeddable":true,"href":"https:\/\/www.europesays.com\/pt\/wp-json\/wp\/v2\/media\/133766"}],"wp:attachment":[{"href":"https:\/\/www.europesays.com\/pt\/wp-json\/wp\/v2\/media?parent=133765"}],"wp:term":[{"taxonomy":"category","embeddable":true,"href":"https:\/\/www.europesays.com\/pt\/wp-json\/wp\/v2\/categories?post=133765"},{"taxonomy":"post_tag","embeddable":true,"href":"https:\/\/www.europesays.com\/pt\/wp-json\/wp\/v2\/tags?post=133765"}],"curies":[{"name":"wp","href":"https:\/\/api.w.org\/{rel}","templated":true}]}}