{"id":133769,"date":"2025-10-31T10:08:10","date_gmt":"2025-10-31T10:08:10","guid":{"rendered":"https:\/\/www.europesays.com\/pt\/133769\/"},"modified":"2025-10-31T10:08:10","modified_gmt":"2025-10-31T10:08:10","slug":"acusado-de-se-meter-entre-liliana-e-fabio-pedro-jorge-reage-pouco-me-importa-o-que-eles-pensam-secret-story","status":"publish","type":"post","link":"https:\/\/www.europesays.com\/pt\/133769\/","title":{"rendered":"Acusado de se meter entre Liliana e F\u00e1bio, Pedro Jorge reage: \u00abPouco me importa o que eles pensam\u00bb &#8211; Secret Story"},"content":{"rendered":"<p>No Secret Story 9, Pedro Jorge tem sido apontado pelos colegas como algu\u00e9m que se intromete na rela\u00e7\u00e3o de Liliana\u00a0 e F\u00e1bio. Cansado das cr\u00edticas, o concorrente desabafou com Marisa Susana, mostrando-se indiferente aos coment\u00e1rios: \u00abPouco me importa o que eles pensam\u00bb.<\/p>\n<p><strong>H\u00e1 seis c<\/strong><strong>oncorrentes em risco de expuls\u00e3o no pr\u00f3ximo domingo:<\/strong><\/p>\n<p>ANA \u2013 761 20 20 01<br \/>BRUNO \u2013 761 20 20 04<br \/>MARIANA \u2013 761 20 20 15<br \/>MARISA \u2013 761 20 20 16<br \/>MARISA SUSANA \u2013 761 20 20 17<br \/>PEDRO \u2013 761 20 20 18<\/p>\n<p><a href=\"https:\/\/tvi.iol.pt\/secretstory\/aominuto\" wbo-id=\"32\" rel=\"nofollow noopener\" target=\"_blank\">Acompanhe aqui tudo o que se passa na casa ao minuto!<\/a><\/p>\n","protected":false},"excerpt":{"rendered":"No Secret Story 9, Pedro Jorge tem sido apontado pelos colegas como algu\u00e9m que se intromete na rela\u00e7\u00e3o&hellip;\n","protected":false},"author":2,"featured_media":133770,"comment_status":"","ping_status":"","sticky":false,"template":"","format":"standard","meta":{"footnotes":""},"categories":[142],"tags":[114,115,19033,19016,19153,19034,21416,32,33,151,19032],"class_list":{"0":"post-133769","1":"post","2":"type-post","3":"status-publish","4":"format-standard","5":"has-post-thumbnail","7":"category-tv","8":"tag-entertainment","9":"tag-entretenimento","10":"tag-galas-em-video","11":"tag-liliana","12":"tag-marisa-susana","13":"tag-melhores-momentos-casa-dos-segredos","14":"tag-pedro-jorge","15":"tag-portugal","16":"tag-pt","17":"tag-tv","18":"tag-videos-secret-story-tvi"},"share_on_mastodon":{"url":"https:\/\/pubeurope.com\/@pt\/115468232519874250","error":""},"_links":{"self":[{"href":"https:\/\/www.europesays.com\/pt\/wp-json\/wp\/v2\/posts\/133769","targetHints":{"allow":["GET"]}}],"collection":[{"href":"https:\/\/www.europesays.com\/pt\/wp-json\/wp\/v2\/posts"}],"about":[{"href":"https:\/\/www.europesays.com\/pt\/wp-json\/wp\/v2\/types\/post"}],"author":[{"embeddable":true,"href":"https:\/\/www.europesays.com\/pt\/wp-json\/wp\/v2\/users\/2"}],"replies":[{"embeddable":true,"href":"https:\/\/www.europesays.com\/pt\/wp-json\/wp\/v2\/comments?post=133769"}],"version-history":[{"count":0,"href":"https:\/\/www.europesays.com\/pt\/wp-json\/wp\/v2\/posts\/133769\/revisions"}],"wp:featuredmedia":[{"embeddable":true,"href":"https:\/\/www.europesays.com\/pt\/wp-json\/wp\/v2\/media\/133770"}],"wp:attachment":[{"href":"https:\/\/www.europesays.com\/pt\/wp-json\/wp\/v2\/media?parent=133769"}],"wp:term":[{"taxonomy":"category","embeddable":true,"href":"https:\/\/www.europesays.com\/pt\/wp-json\/wp\/v2\/categories?post=133769"},{"taxonomy":"post_tag","embeddable":true,"href":"https:\/\/www.europesays.com\/pt\/wp-json\/wp\/v2\/tags?post=133769"}],"curies":[{"name":"wp","href":"https:\/\/api.w.org\/{rel}","templated":true}]}}