{"id":133781,"date":"2025-10-31T10:17:44","date_gmt":"2025-10-31T10:17:44","guid":{"rendered":"https:\/\/www.europesays.com\/pt\/133781\/"},"modified":"2025-10-31T10:17:44","modified_gmt":"2025-10-31T10:17:44","slug":"mau-tempo-mais-de-60-ocorrencias-no-porto-transito-condicionado-na-vci-proteccao-civil","status":"publish","type":"post","link":"https:\/\/www.europesays.com\/pt\/133781\/","title":{"rendered":"Mau tempo: mais de 60 ocorr\u00eancias no Porto. Tr\u00e2nsito condicionado na VCI | Protec\u00e7\u00e3o Civil"},"content":{"rendered":"<p>A chuva que que cai desde a madrugada no Norte do continente est\u00e1 a causar muitas ocorr\u00eancias no distrito do Porto, a maioria inunda\u00e7\u00f5es da via p\u00fablica, mas sem gravidade, segundo a Protec\u00e7\u00e3o Civil e os Regimento de Sapadores Bombeiros.<\/p>\n<p>O <a href=\"https:\/\/prociv.gov.pt\/pt\/home\/\" target=\"_blank\" rel=\"nofollow noopener\">site <\/a>da Autoridade Nacional de Emerg\u00eancia e Protec\u00e7\u00e3o Civil (ANEPC) tem registadas 68 ocorr\u00eancias no Grande Porto, sobretudo no Porto, Gaia e Matosinhos, relacionadas com chuva intensa, entre a 00h as 7h. &#8220;Tivemos 68 ocorr\u00eancias, a maioria das quais inunda\u00e7\u00e3o da via p\u00fablica e estruturas e na \u00c1rea Metropolitana do Porto, sem causar v\u00edtimas ou danos graves devido \u00e0 chuva&#8221;, adiantou \u00e0 ag\u00eancia Lusa, Jos\u00e9 Costa, da ANEPC.<\/p>\n<p>A circula\u00e7\u00e3o do tr\u00e2nsito est\u00e1 interrompida nos viadutos das rotundas AEP e do Bessa, assim como no novo viaduto do Campo Alegre, disse \u00e0 Lusa fonte da PSP do Porto. A VCI, na sa\u00edda para a Boavista, no sentido Arr\u00e1bida-Porto (Sul-Norte) esteve tamb\u00e9m cortada, mas j\u00e1 reabriu parcialmente, disse a mesma fonte.<\/p>\n<p>Das 68 ocorr\u00eancias registadas, 59 foram inunda\u00e7\u00f5es da via p\u00fablica e estruturas, tr\u00eas quedas de \u00e1rvore e duas limpezas de via e quatro movimentos de massa. Segundo Jos\u00e9 Costa, foram empenhados 105 operacionais, com o apoio de 35 ve\u00edculos.<\/p>\n<p>Fontes do Comando Sub-Regional da \u00c1rea Metropolitana do Porto e do Regimento de Sapadores Bombeiros do Porto adiantaram \u00e0 Lusa ter recebido durante a noite e madrugada &#8220;muitas ocorr\u00eancias relacionadas com a chuva forte, sem gravidade&#8221;, mas sem as conseguir contabilizar.<\/p>\n<p>Mau tempo pode agravar. H\u00e1 distritos sob aviso vermelho<\/p>\n<p>O Instituto Portugu\u00eas do Mar e da Atmosfera (IPMA) prev\u00ea para esta sexta-feira e s\u00e1bado um agravamento do estado do tempo em Portugal continental com chuva, por vezes forte e persistente, em especial nas regi\u00f5es do Norte e Centro, vento e agita\u00e7\u00e3o mar\u00edtima.<\/p>\n<p>A previs\u00e3o de chuva forte levou o <a href=\"https:\/\/www.publico.pt\/ipma\" target=\"_blank\" rel=\"nofollow noopener\">IPMA <\/a>colocar sob aviso vermelho os distritos de Viseu, Aveiro e Coimbra entre as 6h e as 12h desta sexta-feira, passando depois a laranja entre as 12h desta sexta-feira e as 00h de s\u00e1bado e depois a amarelo at\u00e9 \u00e0s 12h de s\u00e1bado.<\/p>\n<p>Sob aviso laranja por causa da chuva est\u00e3o tamb\u00e9m os distritos de Bragan\u00e7a, Porto, Guarda, Vila Real, Viana do Castelo, Leiria e Braga, passando depois a amarelo at\u00e9 \u00e0s 15h de s\u00e1bado. O IPMA colocou ainda Set\u00fabal, Santar\u00e9m, Lisboa, Castelo Branco, Portalegre sob aviso amarelo sexta-feira e s\u00e1bado.<\/p>\n<p>O aviso vermelho \u00e9 emitido pelo IPMA nos casos de situa\u00e7\u00e3o meteorol\u00f3gica de risco extremo. J\u00e1 o aviso laranja indica uma situa\u00e7\u00e3o meteorol\u00f3gica de risco moderado a elevado e o amarelo <a href=\"https:\/\/www.publico.pt\/2022\/12\/12\/azul\/noticia\/dez-cuidados-chuva-forte-risco-cheias-2031142\" target=\"_blank\" rel=\"nofollow noopener\">risco <\/a>para determinadas actividades dependentes da situa\u00e7\u00e3o meteorol\u00f3gica.<\/p>\n<p>Por causa do mau tempo, a ANEPC emitiu na quinta-feira um aviso \u00e0 popula\u00e7\u00e3o para comportamentos preventivos devido \u00e0 previs\u00e3o de chuva forte, vento e possibilidade de cheias ou inunda\u00e7\u00f5es nos pr\u00f3ximos dias. Fonte da ANEPC disse \u00e0 ag\u00eancia Lusa que o n\u00edvel de prontid\u00e3o foi elevado para 3, o que significa uma maior capacidade de resposta dos operacionais.<\/p>\n<p>A Protec\u00e7\u00e3o Civil advertiu que podem ocorrer varia\u00e7\u00f5es significativas nos caudais de zonas historicamente mais vulner\u00e1veis. O agravamento das condi\u00e7\u00f5es meteorol\u00f3gicas est\u00e1 associado \u00e0 previs\u00e3o de <a href=\"https:\/\/www.publico.pt\/2025\/10\/28\/azul\/noticia\/chuva-volta-setubal-evora-beja-faro-aviso-laranja-2152379\" target=\"_blank\" rel=\"nofollow noopener\">inunda\u00e7\u00f5es <\/a>em zonas urbanas, cheias e contamina\u00e7\u00e3o de fontes de \u00e1gua pot\u00e1vel por inertes resultantes dos inc\u00eandios rurais.<\/p>\n<p>A Protec\u00e7\u00e3o Civil alertou para a necessidade de garantir a desobstru\u00e7\u00e3o dos sistemas de escoamento das \u00e1guas pluviais e a adequada fixa\u00e7\u00e3o de estruturas soltas, nomeadamente andaimes, placas e outros materiais suspensos. Tamb\u00e9m a Pol\u00edcia de Seguran\u00e7a P\u00fablica (PSP) alertou na quinta-feira os condutores para o mau tempo previsto para os pr\u00f3ximos dias, que aumenta o risco de acidentes rodovi\u00e1rios.<\/p>\n","protected":false},"excerpt":{"rendered":"A chuva que que cai desde a madrugada no Norte do continente est\u00e1 a causar muitas ocorr\u00eancias no&hellip;\n","protected":false},"author":2,"featured_media":133782,"comment_status":"","ping_status":"","sticky":false,"template":"","format":"standard","meta":{"footnotes":""},"categories":[10],"tags":[5684,27,28,15,16,9684,14,25,26,352,21,22,6406,8532,12,13,19,20,462,32,23,24,2376,33,17,18,29,30,31],"class_list":{"0":"post-133781","1":"post","2":"type-post","3":"status-publish","4":"format-standard","5":"has-post-thumbnail","7":"category-portugal","8":"tag-autoridade-nacional-de-emergencia-e-proteccao-civil","9":"tag-breaking-news","10":"tag-breakingnews","11":"tag-featured-news","12":"tag-featurednews","13":"tag-gaia","14":"tag-headlines","15":"tag-latest-news","16":"tag-latestnews","17":"tag-local","18":"tag-main-news","19":"tag-mainnews","20":"tag-matosinhos","21":"tag-mau-tempo","22":"tag-news","23":"tag-noticias","24":"tag-noticias-principais","25":"tag-noticiasprincipais","26":"tag-porto","27":"tag-portugal","28":"tag-principais-noticias","29":"tag-principaisnoticias","30":"tag-proteccao-civil","31":"tag-pt","32":"tag-top-stories","33":"tag-topstories","34":"tag-ultimas","35":"tag-ultimas-noticias","36":"tag-ultimasnoticias"},"share_on_mastodon":{"url":"","error":"Validation failed: Text character limit of 500 exceeded"},"_links":{"self":[{"href":"https:\/\/www.europesays.com\/pt\/wp-json\/wp\/v2\/posts\/133781","targetHints":{"allow":["GET"]}}],"collection":[{"href":"https:\/\/www.europesays.com\/pt\/wp-json\/wp\/v2\/posts"}],"about":[{"href":"https:\/\/www.europesays.com\/pt\/wp-json\/wp\/v2\/types\/post"}],"author":[{"embeddable":true,"href":"https:\/\/www.europesays.com\/pt\/wp-json\/wp\/v2\/users\/2"}],"replies":[{"embeddable":true,"href":"https:\/\/www.europesays.com\/pt\/wp-json\/wp\/v2\/comments?post=133781"}],"version-history":[{"count":0,"href":"https:\/\/www.europesays.com\/pt\/wp-json\/wp\/v2\/posts\/133781\/revisions"}],"wp:featuredmedia":[{"embeddable":true,"href":"https:\/\/www.europesays.com\/pt\/wp-json\/wp\/v2\/media\/133782"}],"wp:attachment":[{"href":"https:\/\/www.europesays.com\/pt\/wp-json\/wp\/v2\/media?parent=133781"}],"wp:term":[{"taxonomy":"category","embeddable":true,"href":"https:\/\/www.europesays.com\/pt\/wp-json\/wp\/v2\/categories?post=133781"},{"taxonomy":"post_tag","embeddable":true,"href":"https:\/\/www.europesays.com\/pt\/wp-json\/wp\/v2\/tags?post=133781"}],"curies":[{"name":"wp","href":"https:\/\/api.w.org\/{rel}","templated":true}]}}