{"id":133783,"date":"2025-10-31T10:19:25","date_gmt":"2025-10-31T10:19:25","guid":{"rendered":"https:\/\/www.europesays.com\/pt\/133783\/"},"modified":"2025-10-31T10:19:25","modified_gmt":"2025-10-31T10:19:25","slug":"vem-ai-mau-tempo-protecao-civil-alerta-para-possibilidade-de-cheias-nos-proximos-dias","status":"publish","type":"post","link":"https:\/\/www.europesays.com\/pt\/133783\/","title":{"rendered":"Vem a\u00ed mau tempo. Prote\u00e7\u00e3o Civil alerta para possibilidade de cheias nos pr\u00f3ximos dias"},"content":{"rendered":"<p>Por causa da chuva forte, o IPMA j\u00e1 emitiu aviso laranja para as regi\u00f5es do norte e centro entre as 03h00 de sexta-feira e as 00h00 de s\u00e1bado e aviso amarelo apenas para os distritos de Lisboa, Santar\u00e9m e Castelo Branco entre as 03h00 de sexta-feira e as 06h00 de s\u00e1bado.<\/p>\n<p><strong>A Prote\u00e7\u00e3o Civil advertiu que podem ocorrer varia\u00e7\u00f5es significativas nos caudais de zonas historicamente mais vulner\u00e1veis.<\/strong><\/p>\n<p>Na bacia do rio Minho, podem aumentar os caudais, mas sem situa\u00e7\u00f5es cr\u00edticas. J\u00e1 no rio Coura, recomenda-se o acompanhamento da situa\u00e7\u00e3o.<\/p>\n<p>\u00c9 igualmente previs\u00edvel a subida do Lima, do C\u00e1vado e do Douro, \u201csem situa\u00e7\u00f5es cr\u00edticas\u201d assinaladas.<\/p>\n<p>Relativamente \u00e0 informa\u00e7\u00e3o disponibilizada pela Ag\u00eancia Portuguesa do Ambiente (APA), recomenda-se uma intensifica\u00e7\u00e3o da vigil\u00e2ncia na bacia do Vouga, onde as \u00e1guas do rio \u00c1gueda poder\u00e3o registar um aumento \u201csuperior ao normal\u201d.<\/p>\n<p>Recomenda-se tamb\u00e9m o acompanhamento do n\u00edvel das \u00e1guas do Mondego, uma vez que poder\u00e3o aumentar as aflu\u00eancias a Coimbra.<\/p>\n<p>A recomenda\u00e7\u00e3o estende-se ao rio Lis e \u00e0 bacia do Tejo, devido \u00e0 previs\u00e3o de aumento dos caudais no rio Z\u00eazere. No rio Nab\u00e3o, poder\u00e1 verificar-se tamb\u00e9m um aumento do n\u00edvel da \u00e1gua, que deve ser acompanhado.<\/p>\n<p>Na bacia das Ribeiras do Oeste, poder\u00e1 ocorrer uma subida dos caudais nos rios Arnoia e Alcoa.<\/p>\n<p><strong>O agravamento das condi\u00e7\u00f5es meteorol\u00f3gicas est\u00e1 associado \u00e0 previs\u00e3o de inunda\u00e7\u00f5es em zonas urbanas, cheias e contamina\u00e7\u00e3o de fontes de \u00e1gua pot\u00e1vel por inertes resultantes dos inc\u00eandios rurais.<\/strong><\/p>\n<p>A Prote\u00e7\u00e3o Civil alertou para a necessidade de garantir a desobstru\u00e7\u00e3o dos sistemas de escoamento das \u00e1guas pluviais e a adequada fixa\u00e7\u00e3o de estruturas soltas, nomeadamente andaimes, placas e outros materiais suspensos.<\/p>\n<p><strong>As temperaturas m\u00ednimas v\u00e3o registar uma descida mais significativa, prevendo-se valores na ordem de 10 a 15 graus nas regi\u00f5es norte e centro, descendo para valores inferiores a 05 graus em alguns locais do interior norte e centro na noite de s\u00e1bado para domingo.<\/strong><\/p>\n<p>As m\u00ednimas v\u00e3o variar entre 13 e 18 graus na regi\u00e3o sul, descendo para valores entre 09 e 14 graus na noite de s\u00e1bado para domingo.<\/p>\n<p>A PSP alertou tamb\u00e9m os condutores para o mau tempo previsto para os pr\u00f3ximos dias, que aumenta o risco de acidentes rodovi\u00e1rios.<\/p>\n","protected":false},"excerpt":{"rendered":"Por causa da chuva forte, o IPMA j\u00e1 emitiu aviso laranja para as regi\u00f5es do norte e centro&hellip;\n","protected":false},"author":2,"featured_media":133784,"comment_status":"","ping_status":"","sticky":false,"template":"","format":"standard","meta":{"footnotes":""},"categories":[8],"tags":[609,27,28,29568,15,16,14,25,26,21,22,8532,12,13,19,20,32,23,24,4908,33,17,18,29,30,31],"class_list":{"0":"post-133783","1":"post","2":"type-post","3":"status-publish","4":"format-standard","5":"has-post-thumbnail","7":"category-principais-noticias","8":"tag-alerta","9":"tag-breaking-news","10":"tag-breakingnews","11":"tag-cheias","12":"tag-featured-news","13":"tag-featurednews","14":"tag-headlines","15":"tag-latest-news","16":"tag-latestnews","17":"tag-main-news","18":"tag-mainnews","19":"tag-mau-tempo","20":"tag-news","21":"tag-noticias","22":"tag-noticias-principais","23":"tag-noticiasprincipais","24":"tag-portugal","25":"tag-principais-noticias","26":"tag-principaisnoticias","27":"tag-protecao-civil","28":"tag-pt","29":"tag-top-stories","30":"tag-topstories","31":"tag-ultimas","32":"tag-ultimas-noticias","33":"tag-ultimasnoticias"},"share_on_mastodon":{"url":"https:\/\/pubeurope.com\/@pt\/115468275880370557","error":""},"_links":{"self":[{"href":"https:\/\/www.europesays.com\/pt\/wp-json\/wp\/v2\/posts\/133783","targetHints":{"allow":["GET"]}}],"collection":[{"href":"https:\/\/www.europesays.com\/pt\/wp-json\/wp\/v2\/posts"}],"about":[{"href":"https:\/\/www.europesays.com\/pt\/wp-json\/wp\/v2\/types\/post"}],"author":[{"embeddable":true,"href":"https:\/\/www.europesays.com\/pt\/wp-json\/wp\/v2\/users\/2"}],"replies":[{"embeddable":true,"href":"https:\/\/www.europesays.com\/pt\/wp-json\/wp\/v2\/comments?post=133783"}],"version-history":[{"count":0,"href":"https:\/\/www.europesays.com\/pt\/wp-json\/wp\/v2\/posts\/133783\/revisions"}],"wp:featuredmedia":[{"embeddable":true,"href":"https:\/\/www.europesays.com\/pt\/wp-json\/wp\/v2\/media\/133784"}],"wp:attachment":[{"href":"https:\/\/www.europesays.com\/pt\/wp-json\/wp\/v2\/media?parent=133783"}],"wp:term":[{"taxonomy":"category","embeddable":true,"href":"https:\/\/www.europesays.com\/pt\/wp-json\/wp\/v2\/categories?post=133783"},{"taxonomy":"post_tag","embeddable":true,"href":"https:\/\/www.europesays.com\/pt\/wp-json\/wp\/v2\/tags?post=133783"}],"curies":[{"name":"wp","href":"https:\/\/api.w.org\/{rel}","templated":true}]}}