{"id":133785,"date":"2025-10-31T10:20:24","date_gmt":"2025-10-31T10:20:24","guid":{"rendered":"https:\/\/www.europesays.com\/pt\/133785\/"},"modified":"2025-10-31T10:20:24","modified_gmt":"2025-10-31T10:20:24","slug":"filho-de-fradique-deixa-cantor-dos-calema-em-lagrimas-e-nao-foi-o-unico-famoso-a-chorar","status":"publish","type":"post","link":"https:\/\/www.europesays.com\/pt\/133785\/","title":{"rendered":"Filho de Fradique deixa cantor dos Calema em l\u00e1grimas&#8230; e n\u00e3o foi o \u00fanico famoso a chorar!"},"content":{"rendered":"<p>Foi um momento de deixar qualquer um de l\u00e1grimas nos olhos: L\u00e9o, o filho mais novo de <a href=\"https:\/\/selfie.iol.pt\/famosos\/fradique\/fradique-dos-calema-casa-se-em-cerimonia-carregada-de-emocao-a-nossa-vez\/20230911\/64ff1ddad34e65afa2f5371d\" target=\"_blank\" wbo-id=\"41\" rel=\"nofollow noopener\">Fradique Mendes Ferreira<\/a>, surpreendeu o pai e deixou o cantor dos <a href=\"https:\/\/selfie.iol.pt\/famosos\/katy-perry\/de-katy-perry-aos-calema-saiba-quem-vai-atuar-no-rock-in-rio-lisboa\/20251017\/68f2b293d34e58bc67970650\" target=\"_blank\" rel=\"nofollow noopener\">Calema<\/a> muito emocionado.<\/p>\n<p>Tudo aconteceu na \u00faltima gala do &#8220;The Voice&#8221; quando o menino entrou em palco nas &#8220;Provas Cegas&#8221; do programa da RTP1.<\/p>\n<p>L\u00e9o surgiu a cantar &#8220;Amar Pela Metade&#8221;, tema dos <a href=\"https:\/\/selfie.iol.pt\/famosos\/calema\/qual-dos-irmaos-dos-calema-e-mais-romantico-antonio-e-fradique-contam-tudo\/20250117\/678a33dbd34ea1acf272fa52\" target=\"_blank\" rel=\"nofollow noopener\">Calema<\/a>, e surpreendeu os jurados, entre eles o pai e o tio, Ant\u00f3nio Mendes Ferreira, com todos a virarem as cadeiras.<\/p>\n<p>Emocionado, Fradique dirigiu-se ao palco para abra\u00e7ar o filho mais novo, enquanto a mulher, M\u00e1rcia, e o filho mais velho do casal, Tom\u00e1s, assistiam nos bastidores.<\/p>\n<p>Sara Correia e Fernando Daniel tamb\u00e9m n\u00e3o conseguiram conter as l\u00e1grimas durante o momento que emocionou toda a plateia.<\/p>\n<p>Veja, agora, o v\u00eddeo com o momento que emocionou tudo e todos.<\/p>\n","protected":false},"excerpt":{"rendered":"Foi um momento de deixar qualquer um de l\u00e1grimas nos olhos: L\u00e9o, o filho mais novo de Fradique&hellip;\n","protected":false},"author":2,"featured_media":133786,"comment_status":"","ping_status":"","sticky":false,"template":"","format":"standard","meta":{"footnotes":""},"categories":[145],"tags":[30234,211,210,114,115,980,3435,30233,30235,619,32,33,1012,5655,13470],"class_list":{"0":"post-133785","1":"post","2":"type-post","3":"status-publish","4":"format-standard","5":"has-post-thumbnail","7":"category-celebridades","8":"tag-calema","9":"tag-celebridades","10":"tag-celebrities","11":"tag-entertainment","12":"tag-entretenimento","13":"tag-famosos","14":"tag-filho","15":"tag-fradique","16":"tag-fradique-ferreira","17":"tag-nacional","18":"tag-portugal","19":"tag-pt","20":"tag-selfie","21":"tag-surpresa","22":"tag-the-voice"},"share_on_mastodon":{"url":"https:\/\/pubeurope.com\/@pt\/115468279696268642","error":""},"_links":{"self":[{"href":"https:\/\/www.europesays.com\/pt\/wp-json\/wp\/v2\/posts\/133785","targetHints":{"allow":["GET"]}}],"collection":[{"href":"https:\/\/www.europesays.com\/pt\/wp-json\/wp\/v2\/posts"}],"about":[{"href":"https:\/\/www.europesays.com\/pt\/wp-json\/wp\/v2\/types\/post"}],"author":[{"embeddable":true,"href":"https:\/\/www.europesays.com\/pt\/wp-json\/wp\/v2\/users\/2"}],"replies":[{"embeddable":true,"href":"https:\/\/www.europesays.com\/pt\/wp-json\/wp\/v2\/comments?post=133785"}],"version-history":[{"count":0,"href":"https:\/\/www.europesays.com\/pt\/wp-json\/wp\/v2\/posts\/133785\/revisions"}],"wp:featuredmedia":[{"embeddable":true,"href":"https:\/\/www.europesays.com\/pt\/wp-json\/wp\/v2\/media\/133786"}],"wp:attachment":[{"href":"https:\/\/www.europesays.com\/pt\/wp-json\/wp\/v2\/media?parent=133785"}],"wp:term":[{"taxonomy":"category","embeddable":true,"href":"https:\/\/www.europesays.com\/pt\/wp-json\/wp\/v2\/categories?post=133785"},{"taxonomy":"post_tag","embeddable":true,"href":"https:\/\/www.europesays.com\/pt\/wp-json\/wp\/v2\/tags?post=133785"}],"curies":[{"name":"wp","href":"https:\/\/api.w.org\/{rel}","templated":true}]}}