{"id":133787,"date":"2025-10-31T10:24:12","date_gmt":"2025-10-31T10:24:12","guid":{"rendered":"https:\/\/www.europesays.com\/pt\/133787\/"},"modified":"2025-10-31T10:24:12","modified_gmt":"2025-10-31T10:24:12","slug":"por-que-o-megadeth-regravou-musica-do-metallica-em-seu-album-de-despedida","status":"publish","type":"post","link":"https:\/\/www.europesays.com\/pt\/133787\/","title":{"rendered":"Por que o Megadeth regravou m\u00fasica do Metallica em seu \u00e1lbum de despedida"},"content":{"rendered":"\n<p>O \u00e1lbum de despedida do <strong><a href=\"https:\/\/igormiranda.com.br\/tag\/megadeth\/\" target=\"_blank\" rel=\"noreferrer noopener nofollow\">Megadeth<\/a><\/strong>, hom\u00f4nimo, chega em 23 de janeiro de 2026. Ao ter seu tracklist quase todo revelado, chamou a aten\u00e7\u00e3o por uma m\u00fasica meio escondida ap\u00f3s a \u00faltima. Como <strong><a href=\"https:\/\/igormiranda.com.br\/tag\/dave-mustaine\/\" target=\"_blank\" rel=\"noreferrer noopener nofollow\">Dave Mustaine<\/a><\/strong> j\u00e1 havia prometido, trata-se de um \u201cautocover\u201d \u2014 que agora sabemos ser uma vers\u00e3o do <strong><a href=\"https:\/\/igormiranda.com.br\/tag\/metallica\/\" target=\"_blank\" rel=\"noreferrer noopener nofollow\">Metallica<\/a><\/strong>.<\/p>\n<p>\u00ad<\/p>\n<p>&#8211; Advertisement &#8211;<\/p>\n<p>O l\u00edder do Megadeth confirmou \u00e0 <a href=\"https:\/\/www.rollingstone.com\/music\/music-news\/dave-mustaine-megadeth-metallica-ride-the-lightning-album-1235456511\/\" target=\"_blank\" rel=\"noreferrer noopener nofollow\">Rolling Stone<\/a> que se trata de uma vers\u00e3o de <strong>\u201cRide the Lightning\u201d<\/strong>, <a href=\"https:\/\/igormiranda.com.br\/2022\/07\/metallica-ride-the-lightning-historia\/\" target=\"_blank\" rel=\"noreferrer noopener nofollow\">faixa-t\u00edtulo do \u00e1lbum de 1984<\/a>, cocriada por Mustaine antes de sua sa\u00edda do grupo. Sobre a m\u00fasica, Dave afirmou:<\/p>\n<p>\u201cEu queria fazer algo para fechar o ciclo da minha carreira, j\u00e1 que tudo come\u00e7ou com o <strong>Panic<\/strong> [banda de Mustaine antes do Metallica] e v\u00e1rias das m\u00fasicas acabaram no repert\u00f3rio do Metallica. Eu queria fazer algo que eu sentisse que seria uma boa m\u00fasica.\u201d<\/p>\n<p>Alguns riffs de Dave formam \u201cRide the Lightning\u201d, tamb\u00e9m assinada por <strong>James Hetfield<\/strong> (voz e guitarra) e <strong>Lars Ulrich<\/strong> (bateria). De acordo com a Rolling Stone, a releitura do Megadeth \u00e9 um pouco mais grave e acelerada.<\/p>\n<p>O frontman tamb\u00e9m refletiu:<\/p>\n<p>\u201cN\u00e3o era que eu realmente queria fazer minha vers\u00e3o. Acho que todos n\u00f3s quer\u00edamos que soasse de certa forma. Para mim, isso foi sobre algo muito maior do que como uma can\u00e7\u00e3o vai ficar. Foi sobre respeito.\u201d<\/p>\n<p>Mustaine ressalta que n\u00e3o houve inten\u00e7\u00e3o nenhuma por tr\u00e1s da escolha de uma m\u00fasica do Metallica. O vocalista e guitarrista tamb\u00e9m elogiou James Hetfield e o trabalho de guitarras de sua ex-banda:<\/p>\n<p>\u201cNossas inten\u00e7\u00f5es foram puras. Eu n\u00e3o tinha nenhuma raz\u00e3o para dizer: \u2018ei cara, essa coisa que tivemos por 40 anos, que voc\u00eas nunca v\u00e3o fazer turn\u00ea comigo, eu gravando essas m\u00fasicas vai mudar as coisas\u2019. N\u00e3o era nada disso. Era mais sobre: essa \u00e9 a minha vida seguindo em frente. Eu quero fazer coisas respeit\u00e1veis. E eu acho que fazer algo onde podemos honrar o cara que\u2026 quero dizer, eu odeio dizer isso, porque \u00e9 arrogante pra ca***ho, mas as guitarras do Metallica mudaram o mundo.\u201d<\/p>\n<p> Megadeth no Brasil <\/p>\n<p>A turn\u00ea de despedida do Megadeth passar\u00e1 pelo Brasil. Batizada <strong>\u201cThis Was Our Life\u201d<\/strong>, a excurs\u00e3o tem data marcada no Espa\u00e7o Unimed, em S\u00e3o Paulo, no dia 2 de maio de 2026. <a href=\"https:\/\/igormiranda.com.br\/2025\/10\/megadeth-show-sao-paulo-ingressos-precos-2026\/\" target=\"_blank\" rel=\"noreferrer noopener nofollow\">Detalhes est\u00e3o dispon\u00edveis clicando aqui<\/a>.<\/p>\n<p>A pr\u00f3xima visita ao pa\u00eds ser\u00e1 a 17\u00aa ao todo. O grupo estreou por aqui no Rock in Rio 1991 e retornou para festivais como Monsters of Rock e Metal Open Air, bem como uma s\u00e9rie de turn\u00eas solo. A performance mais recente ocorreu em 18 de abril de 2024, no Espa\u00e7o Unimed, em S\u00e3o Paulo, com a forma\u00e7\u00e3o atual \u2014 M\u00e4ntysaari j\u00e1 substitu\u00eda o brasileiro Kiko Loureiro, que decidiu se afastar no fim de 2023.<\/p>\n<p><strong>Clique<\/strong> para seguir IgorMiranda.com.br no: <a href=\"https:\/\/instagram.com\/igormirandasite\" target=\"_blank\" rel=\"noreferrer noopener nofollow\">Instagram<\/a> | <a href=\"https:\/\/bsky.app\/profile\/igormirandasite.bsky.social\" target=\"_blank\" rel=\"noreferrer noopener nofollow\">Bluesky<\/a> | <a href=\"https:\/\/twitter.com\/igormirandasite\" target=\"_blank\" rel=\"noreferrer noopener nofollow\">Twitter<\/a> | <a href=\"https:\/\/tiktok.com\/@igormirandasite\" target=\"_blank\" rel=\"noreferrer noopener nofollow\">TikTok<\/a> | <a href=\"https:\/\/facebook.com\/igormirandasite\" target=\"_blank\" rel=\"noreferrer noopener nofollow\">Facebook<\/a> | <a href=\"https:\/\/www.youtube.com\/igormirandasite\" target=\"_blank\" rel=\"noreferrer noopener nofollow\">YouTube<\/a> | <a href=\"https:\/\/www.threads.net\/@igormirandasite\" target=\"_blank\" rel=\"noreferrer noopener nofollow\">Threads<\/a>.<\/p>\n<p> <script async src=\"https:\/\/platform.twitter.com\/widgets.js\" charset=\"utf-8\"><\/script><script async src=\"\/\/www.instagram.com\/embed.js\"><\/script><script async src=\"\/\/www.tiktok.com\/embed.js\"><\/script><\/p>\n","protected":false},"excerpt":{"rendered":"O \u00e1lbum de despedida do Megadeth, hom\u00f4nimo, chega em 23 de janeiro de 2026. Ao ter seu tracklist&hellip;\n","protected":false},"author":2,"featured_media":133788,"comment_status":"","ping_status":"","sticky":false,"template":"","format":"standard","meta":{"footnotes":""},"categories":[141],"tags":[30236,114,115,9818,7711,149,150,32,33],"class_list":{"0":"post-133787","1":"post","2":"type-post","3":"status-publish","4":"format-standard","5":"has-post-thumbnail","7":"category-musica","8":"tag-dave-mustaine","9":"tag-entertainment","10":"tag-entretenimento","11":"tag-megadeth","12":"tag-metallica","13":"tag-music","14":"tag-musica","15":"tag-portugal","16":"tag-pt"},"share_on_mastodon":{"url":"https:\/\/pubeurope.com\/@pt\/115468295479596691","error":""},"_links":{"self":[{"href":"https:\/\/www.europesays.com\/pt\/wp-json\/wp\/v2\/posts\/133787","targetHints":{"allow":["GET"]}}],"collection":[{"href":"https:\/\/www.europesays.com\/pt\/wp-json\/wp\/v2\/posts"}],"about":[{"href":"https:\/\/www.europesays.com\/pt\/wp-json\/wp\/v2\/types\/post"}],"author":[{"embeddable":true,"href":"https:\/\/www.europesays.com\/pt\/wp-json\/wp\/v2\/users\/2"}],"replies":[{"embeddable":true,"href":"https:\/\/www.europesays.com\/pt\/wp-json\/wp\/v2\/comments?post=133787"}],"version-history":[{"count":0,"href":"https:\/\/www.europesays.com\/pt\/wp-json\/wp\/v2\/posts\/133787\/revisions"}],"wp:featuredmedia":[{"embeddable":true,"href":"https:\/\/www.europesays.com\/pt\/wp-json\/wp\/v2\/media\/133788"}],"wp:attachment":[{"href":"https:\/\/www.europesays.com\/pt\/wp-json\/wp\/v2\/media?parent=133787"}],"wp:term":[{"taxonomy":"category","embeddable":true,"href":"https:\/\/www.europesays.com\/pt\/wp-json\/wp\/v2\/categories?post=133787"},{"taxonomy":"post_tag","embeddable":true,"href":"https:\/\/www.europesays.com\/pt\/wp-json\/wp\/v2\/tags?post=133787"}],"curies":[{"name":"wp","href":"https:\/\/api.w.org\/{rel}","templated":true}]}}