{"id":133816,"date":"2025-10-31T10:46:08","date_gmt":"2025-10-31T10:46:08","guid":{"rendered":"https:\/\/www.europesays.com\/pt\/133816\/"},"modified":"2025-10-31T10:46:08","modified_gmt":"2025-10-31T10:46:08","slug":"gnr-apanha-condutor-com-200-mil-euros-no-carro","status":"publish","type":"post","link":"https:\/\/www.europesays.com\/pt\/133816\/","title":{"rendered":"GNR apanha condutor com 200 mil euros no carro"},"content":{"rendered":"<p data-remotead-prev-elm=\"true\" data-remotead-elm-id=\"inread\">Segundo o Comando Territorial de Set\u00fabal, os militares deram ordem de paragem ao ve\u00edculo na localidade do Monte da Caparica, mas o condutor desobedeceu e acelerou na dire\u00e7\u00e3o de um dos militares, pondo-se em fuga. A persegui\u00e7\u00e3o terminou pouco depois, quando o homem foi intercetado e detido.<\/p>\n<p>Durante uma busca \u00e0 sua viatura, os militares encontraram 200 mil euros em notas de 5, 10 e 20 euros, acondicionados em ma\u00e7os. Questionado sobre a origem do dinheiro, o suspeito &#8220;n\u00e3o conseguiu justificar a sua proveni\u00eancia&#8221;.<\/p>\n<p>As autoridades detetaram ainda uma nota com ind\u00edcios de falsifica\u00e7\u00e3o, que ser\u00e1 submetida a per\u00edcia, e apreenderam tr\u00eas telem\u00f3veis que se encontravam no interior do carro.<\/p>\n<p>O detido foi constitu\u00eddo arguido e os factos foram comunicados ao Tribunal Judicial de Almada.<\/p>\n","protected":false},"excerpt":{"rendered":"Segundo o Comando Territorial de Set\u00fabal, os militares deram ordem de paragem ao ve\u00edculo na localidade do Monte&hellip;\n","protected":false},"author":2,"featured_media":133817,"comment_status":"","ping_status":"","sticky":false,"template":"","format":"standard","meta":{"footnotes":""},"categories":[10],"tags":[27,28,15,16,2002,14,603,25,26,21,22,12,13,19,20,32,23,24,33,11317,17,18,29,30,31],"class_list":{"0":"post-133816","1":"post","2":"type-post","3":"status-publish","4":"format-standard","5":"has-post-thumbnail","7":"category-portugal","8":"tag-breaking-news","9":"tag-breakingnews","10":"tag-featured-news","11":"tag-featurednews","12":"tag-gnr","13":"tag-headlines","14":"tag-justica","15":"tag-latest-news","16":"tag-latestnews","17":"tag-main-news","18":"tag-mainnews","19":"tag-news","20":"tag-noticias","21":"tag-noticias-principais","22":"tag-noticiasprincipais","23":"tag-portugal","24":"tag-principais-noticias","25":"tag-principaisnoticias","26":"tag-pt","27":"tag-setubal","28":"tag-top-stories","29":"tag-topstories","30":"tag-ultimas","31":"tag-ultimas-noticias","32":"tag-ultimasnoticias"},"share_on_mastodon":{"url":"https:\/\/pubeurope.com\/@pt\/115468382102891909","error":""},"_links":{"self":[{"href":"https:\/\/www.europesays.com\/pt\/wp-json\/wp\/v2\/posts\/133816","targetHints":{"allow":["GET"]}}],"collection":[{"href":"https:\/\/www.europesays.com\/pt\/wp-json\/wp\/v2\/posts"}],"about":[{"href":"https:\/\/www.europesays.com\/pt\/wp-json\/wp\/v2\/types\/post"}],"author":[{"embeddable":true,"href":"https:\/\/www.europesays.com\/pt\/wp-json\/wp\/v2\/users\/2"}],"replies":[{"embeddable":true,"href":"https:\/\/www.europesays.com\/pt\/wp-json\/wp\/v2\/comments?post=133816"}],"version-history":[{"count":0,"href":"https:\/\/www.europesays.com\/pt\/wp-json\/wp\/v2\/posts\/133816\/revisions"}],"wp:featuredmedia":[{"embeddable":true,"href":"https:\/\/www.europesays.com\/pt\/wp-json\/wp\/v2\/media\/133817"}],"wp:attachment":[{"href":"https:\/\/www.europesays.com\/pt\/wp-json\/wp\/v2\/media?parent=133816"}],"wp:term":[{"taxonomy":"category","embeddable":true,"href":"https:\/\/www.europesays.com\/pt\/wp-json\/wp\/v2\/categories?post=133816"},{"taxonomy":"post_tag","embeddable":true,"href":"https:\/\/www.europesays.com\/pt\/wp-json\/wp\/v2\/tags?post=133816"}],"curies":[{"name":"wp","href":"https:\/\/api.w.org\/{rel}","templated":true}]}}