{"id":133818,"date":"2025-10-31T10:47:25","date_gmt":"2025-10-31T10:47:25","guid":{"rendered":"https:\/\/www.europesays.com\/pt\/133818\/"},"modified":"2025-10-31T10:47:25","modified_gmt":"2025-10-31T10:47:25","slug":"idosa-encontrada-morta-em-ilha-apos-paragem-de-cruzeiro-observador","status":"publish","type":"post","link":"https:\/\/www.europesays.com\/pt\/133818\/","title":{"rendered":"Idosa encontrada morta em ilha ap\u00f3s paragem de cruzeiro \u2013 Observador"},"content":{"rendered":"<p>Coral Adventurer \u00e9 um cruzeiro de luxo, com viagens que podem chegar aos 45 mil euros e durar 60 dias, com o objetivo de\u00a0visitar \u201ccantos escondidos\u201d da Austr\u00e1lia. Mas para Suzanne Rees, a viagem durou menos de 48 horas. A mulher de 80 anos acabaria por ser encontrada morta mais tarde numa das ilhas onde o cruzeiro atracou e de onde partiu sem ela.<\/p>\n<p>O cruzeiro, com capacidade para 120 passageiros e 46 tripulantes, partiu no dia 24 de outubro do porto de Cairns, no nordeste da Austr\u00e1lia. No s\u00e1bado, dia 25, os passageiros tiveram a possibilidade de passar o dia na ilha Lizard, a 240 quil\u00f3metros do porto de partida, localizada na Grande Barreira de Coral.<\/p>\n<p>A mulher ter\u00e1 sa\u00eddo do cruzeiro e, embora estivesse a viajar sozinha, juntou-se a um grupo de passageiros que faria uma caminhada at\u00e9 ao ponto mais alto da ilha, conhecido como \u201cCook\u2019s Look\u201d, segundo o jornal australiano <a href=\"https:\/\/www.couriermail.com.au\/news\/breaking-news\/womans-body-found-on-lizard-island-after-leaving-cruise\/news-story\/e788b9e4ec8794de1f7fc6cf55d831df\" rel=\"nofollow noopener\" target=\"_blank\">Courier Mail.<\/a> No entanto, durante a caminhada, <strong>Suzanne separou-se do grupo \u201cporque precisava de descansar\u201d.<\/strong><\/p>\n<p>\u201cA pol\u00edcia informou-nos que era um dia muito quente e que a minha m\u00e3e se tinha sentido mal durante a subida\u201d, explicou a filha, Katherine Rees,<a href=\"https:\/\/www.bbc.com\/news\/articles\/cwyndvj3640o\" rel=\"nofollow noopener\" target=\"_blank\"> \u00e0 BBC.<\/a> \u201cDisseram-lhes para descer sem acompanhamento. Depois, o navio partiu, aparentemente sem fazer a contagem dos passageiros. <strong>Em algum momento dessa sequ\u00eancia, ou pouco depois, a minha m\u00e3e morreu sozinha\u201d<\/strong>, lamenta.<\/p>\n<p>O navio ter\u00e1 partido entre as 18h00 e as 19h00 de s\u00e1bado. O alerta para o desaparecimento foi dado \u00e0s 21h00, altura em que realizaram uma verifica\u00e7\u00e3o dos passageiros a bordo e se aperceberam que faltava Suzanne. As buscas ficaram a cargo da pol\u00edcia de Queensland, estado australiano onde a mulher tinha ficado, e da Autoridade Mar\u00edtima Australiana.<\/p>\n<p>No domingo, o corpo acabaria por ser encontrado na ilha pelas autoridades, que descreveram a morte como \u201crepentina e suspeita\u201d. <strong>N\u00e3o \u00e9 claro quando morreu ou as causas<\/strong>, nem o porqu\u00ea de a tripula\u00e7\u00e3o n\u00e3o ter dado conta de que Suzanne n\u00e3o tinha embarcado no cruzeiro, circunst\u00e2ncias que a autoridade mar\u00edtima est\u00e1 agora a investigar.<\/p>\n<p>A tripula\u00e7\u00e3o do cruzeiro ser\u00e1 interrogada pelas autoridades quando o cruzeiro atracar em Darwin, o pr\u00f3ximo local da viagem, previsto para o dia 2 de novembro.<\/p>\n<p>Katherine Rees, a filha da v\u00edtima, garante estar em choque com o aparente descuido da empresa. \u201cPartiu sem a minha m\u00e3e\u201d, conta \u00e0 BBC, acrescentando: <strong>\u201cPelo pouco que nos disseram, parece ter havido uma falha de cuidado e de bom senso\u201d<\/strong>, diz.<\/p>\n<p>A empresa Coral Expeditions, que det\u00e9m o cruzeiro Coral Adventurer, j\u00e1 expressou a sua consterna\u00e7\u00e3o e lamentou o ocorrido. \u201cEstamos em contacto com a fam\u00edlia da v\u00edtima e continuaremos a oferecer-lhes apoio neste momento dif\u00edcil\u201d, escreveu em comunicado.<\/p>\n","protected":false},"excerpt":{"rendered":"Coral Adventurer \u00e9 um cruzeiro de luxo, com viagens que podem chegar aos 45 mil euros e durar&hellip;\n","protected":false},"author":2,"featured_media":133819,"comment_status":"","ping_status":"","sticky":false,"template":"","format":"standard","meta":{"footnotes":""},"categories":[8],"tags":[11592,27,28,15,16,14,25,26,186,8759,21,22,62,12,13,19,20,32,23,24,33,58,10426,17,18,2303,29,30,31],"class_list":{"0":"post-133818","1":"post","2":"type-post","3":"status-publish","4":"format-standard","5":"has-post-thumbnail","7":"category-principais-noticias","8":"tag-austru00e1lia","9":"tag-breaking-news","10":"tag-breakingnews","11":"tag-featured-news","12":"tag-featurednews","13":"tag-headlines","14":"tag-latest-news","15":"tag-latestnews","16":"tag-lifestyle","17":"tag-luxo","18":"tag-main-news","19":"tag-mainnews","20":"tag-mundo","21":"tag-news","22":"tag-noticias","23":"tag-noticias-principais","24":"tag-noticiasprincipais","25":"tag-portugal","26":"tag-principais-noticias","27":"tag-principaisnoticias","28":"tag-pt","29":"tag-sociedade","30":"tag-terceira-idade","31":"tag-top-stories","32":"tag-topstories","33":"tag-u00d3bito","34":"tag-ultimas","35":"tag-ultimas-noticias","36":"tag-ultimasnoticias"},"share_on_mastodon":{"url":"https:\/\/pubeurope.com\/@pt\/115468385999901452","error":""},"_links":{"self":[{"href":"https:\/\/www.europesays.com\/pt\/wp-json\/wp\/v2\/posts\/133818","targetHints":{"allow":["GET"]}}],"collection":[{"href":"https:\/\/www.europesays.com\/pt\/wp-json\/wp\/v2\/posts"}],"about":[{"href":"https:\/\/www.europesays.com\/pt\/wp-json\/wp\/v2\/types\/post"}],"author":[{"embeddable":true,"href":"https:\/\/www.europesays.com\/pt\/wp-json\/wp\/v2\/users\/2"}],"replies":[{"embeddable":true,"href":"https:\/\/www.europesays.com\/pt\/wp-json\/wp\/v2\/comments?post=133818"}],"version-history":[{"count":0,"href":"https:\/\/www.europesays.com\/pt\/wp-json\/wp\/v2\/posts\/133818\/revisions"}],"wp:featuredmedia":[{"embeddable":true,"href":"https:\/\/www.europesays.com\/pt\/wp-json\/wp\/v2\/media\/133819"}],"wp:attachment":[{"href":"https:\/\/www.europesays.com\/pt\/wp-json\/wp\/v2\/media?parent=133818"}],"wp:term":[{"taxonomy":"category","embeddable":true,"href":"https:\/\/www.europesays.com\/pt\/wp-json\/wp\/v2\/categories?post=133818"},{"taxonomy":"post_tag","embeddable":true,"href":"https:\/\/www.europesays.com\/pt\/wp-json\/wp\/v2\/tags?post=133818"}],"curies":[{"name":"wp","href":"https:\/\/api.w.org\/{rel}","templated":true}]}}