{"id":133839,"date":"2025-10-31T11:06:22","date_gmt":"2025-10-31T11:06:22","guid":{"rendered":"https:\/\/www.europesays.com\/pt\/133839\/"},"modified":"2025-10-31T11:06:22","modified_gmt":"2025-10-31T11:06:22","slug":"a-protegida-benedita-fica-em-extase-com-novidade-novelas","status":"publish","type":"post","link":"https:\/\/www.europesays.com\/pt\/133839\/","title":{"rendered":"A Protegida: Benedita fica em \u00eaxtase com novidade &#8211; Novelas"},"content":{"rendered":"<p>Em \u00abA Protegida\u00bb, JD (Pedro Sousa) diz que Benedita (Maria do C\u00e9u Guerra) n\u00e3o lhes pode dizer que est\u00e1 a morrer e esperar que eles n\u00e3o reajam. Benedita afirma que j\u00e1 viveu muito e n\u00e3o \u00e9 eterna. S\u00f3 quer garantir que a sua filha, neta e bisneta ficam bem. Benedita recorda que JD prometeu casar com Mariana (Matilde Reym\u00e3o) e gostava muito de assistir a isso.<\/p>\n","protected":false},"excerpt":{"rendered":"Em \u00abA Protegida\u00bb, JD (Pedro Sousa) diz que Benedita (Maria do C\u00e9u Guerra) n\u00e3o lhes pode dizer que&hellip;\n","protected":false},"author":2,"featured_media":133840,"comment_status":"","ping_status":"","sticky":false,"template":"","format":"standard","meta":{"footnotes":""},"categories":[142],"tags":[168,160,166,114,115,157,167,164,161,158,165,159,32,33,156,163,151,162],"class_list":{"0":"post-133839","1":"post","2":"type-post","3":"status-publish","4":"format-standard","5":"has-post-thumbnail","7":"category-tv","8":"tag-a-protegida","9":"tag-ana-guiomar","10":"tag-cristina-ferreira","11":"tag-entertainment","12":"tag-entretenimento","13":"tag-festa-e-festa","14":"tag-ficcao","15":"tag-jose-fidalgo","16":"tag-novelas","17":"tag-para-sempre","18":"tag-pedro-sousa","19":"tag-pedro-teixeira","20":"tag-portugal","21":"tag-pt","22":"tag-queridos-papas","23":"tag-tiago-teotonio-pereira","24":"tag-tv","25":"tag-tvi"},"share_on_mastodon":{"url":"https:\/\/pubeurope.com\/@pt\/115468460717492915","error":""},"_links":{"self":[{"href":"https:\/\/www.europesays.com\/pt\/wp-json\/wp\/v2\/posts\/133839","targetHints":{"allow":["GET"]}}],"collection":[{"href":"https:\/\/www.europesays.com\/pt\/wp-json\/wp\/v2\/posts"}],"about":[{"href":"https:\/\/www.europesays.com\/pt\/wp-json\/wp\/v2\/types\/post"}],"author":[{"embeddable":true,"href":"https:\/\/www.europesays.com\/pt\/wp-json\/wp\/v2\/users\/2"}],"replies":[{"embeddable":true,"href":"https:\/\/www.europesays.com\/pt\/wp-json\/wp\/v2\/comments?post=133839"}],"version-history":[{"count":0,"href":"https:\/\/www.europesays.com\/pt\/wp-json\/wp\/v2\/posts\/133839\/revisions"}],"wp:featuredmedia":[{"embeddable":true,"href":"https:\/\/www.europesays.com\/pt\/wp-json\/wp\/v2\/media\/133840"}],"wp:attachment":[{"href":"https:\/\/www.europesays.com\/pt\/wp-json\/wp\/v2\/media?parent=133839"}],"wp:term":[{"taxonomy":"category","embeddable":true,"href":"https:\/\/www.europesays.com\/pt\/wp-json\/wp\/v2\/categories?post=133839"},{"taxonomy":"post_tag","embeddable":true,"href":"https:\/\/www.europesays.com\/pt\/wp-json\/wp\/v2\/tags?post=133839"}],"curies":[{"name":"wp","href":"https:\/\/api.w.org\/{rel}","templated":true}]}}