{"id":133855,"date":"2025-10-31T11:15:14","date_gmt":"2025-10-31T11:15:14","guid":{"rendered":"https:\/\/www.europesays.com\/pt\/133855\/"},"modified":"2025-10-31T11:15:14","modified_gmt":"2025-10-31T11:15:14","slug":"ex-ministra-em-exclusividade-recebeu-dinheiro-indevido-observador","status":"publish","type":"post","link":"https:\/\/www.europesays.com\/pt\/133855\/","title":{"rendered":"Ex-ministra em exclusividade recebeu dinheiro indevido \u2013 Observador"},"content":{"rendered":"<p>A Inspe\u00e7\u00e3o Geral de Educa\u00e7\u00e3o e Ci\u00eancia concluiu que 29 professores da Faculdade de Ci\u00eancias e Tecnologia da Universidade de Lisboa, incluindo a ex-ministra Elvira Fortunato e o marido, Rodrigo Martins, violaram o dever de exclusividade a que estavam obrigados, devendo agora ter de devolver o dinheiro que receberam por estarem enquadrados nesse regime.<\/p>\n<p>A not\u00edcia \u00e9 avan\u00e7ada esta sexta-feira pelo <a href=\"https:\/\/sol.sapo.pt\/\" rel=\"nofollow noopener\" target=\"_blank\">jornal Nascer do Sol,<\/a> que adianta que o diretor da FCT, Jos\u00e9 J\u00falio Alferes, j\u00e1 recebeu as conclus\u00f5es desta auditoria. \u201cEst\u00e1vamos confiantes de que est\u00e1vamos a cumprir todos os preceitos legais\u201d, diz Alferes ao jornal, em rea\u00e7\u00e3o \u00e0 not\u00edcia.<\/p>\n<p>J\u00e1 a antiga ministra de Ant\u00f3nio Costa confirma ao Nascer do Sol que recebeu esta informa\u00e7\u00e3o e diz ter ficado surpreendida, recordando que desde 2006 existe um protocolo da FCT com a UNINOVA \u2014 entidade detida em 80% pela FCT \u2014 atrav\u00e9s do qual recebeu valores de projetos europeus. No \u00e2mbito deste protocolo, e \u201cconfiando\u201d na faculdade, ter\u00e1 acreditado que a situa\u00e7\u00e3o seria legal.<\/p>\n<p>O regime de exclusividade impede que um docente em dedica\u00e7\u00e3o exclusiva possa exercer qualquer outra profiss\u00e3o remunerada e que, se o fizer, \u201creponha\u201d os valores recebidos de forma indevida.<\/p>\n","protected":false},"excerpt":{"rendered":"A Inspe\u00e7\u00e3o Geral de Educa\u00e7\u00e3o e Ci\u00eancia concluiu que 29 professores da Faculdade de Ci\u00eancias e Tecnologia da&hellip;\n","protected":false},"author":2,"featured_media":133856,"comment_status":"","ping_status":"","sticky":false,"template":"","format":"standard","meta":{"footnotes":""},"categories":[10],"tags":[27,28,442,2023,4224,15,16,14,25,26,21,22,12,13,19,20,32,23,24,33,17,18,29,30,31],"class_list":{"0":"post-133855","1":"post","2":"type-post","3":"status-publish","4":"format-standard","5":"has-post-thumbnail","7":"category-portugal","8":"tag-breaking-news","9":"tag-breakingnews","10":"tag-ciu00eancia","11":"tag-educau00e7u00e3o","12":"tag-ensino-superior","13":"tag-featured-news","14":"tag-featurednews","15":"tag-headlines","16":"tag-latest-news","17":"tag-latestnews","18":"tag-main-news","19":"tag-mainnews","20":"tag-news","21":"tag-noticias","22":"tag-noticias-principais","23":"tag-noticiasprincipais","24":"tag-portugal","25":"tag-principais-noticias","26":"tag-principaisnoticias","27":"tag-pt","28":"tag-top-stories","29":"tag-topstories","30":"tag-ultimas","31":"tag-ultimas-noticias","32":"tag-ultimasnoticias"},"share_on_mastodon":{"url":"https:\/\/pubeurope.com\/@pt\/115468496046580544","error":""},"_links":{"self":[{"href":"https:\/\/www.europesays.com\/pt\/wp-json\/wp\/v2\/posts\/133855","targetHints":{"allow":["GET"]}}],"collection":[{"href":"https:\/\/www.europesays.com\/pt\/wp-json\/wp\/v2\/posts"}],"about":[{"href":"https:\/\/www.europesays.com\/pt\/wp-json\/wp\/v2\/types\/post"}],"author":[{"embeddable":true,"href":"https:\/\/www.europesays.com\/pt\/wp-json\/wp\/v2\/users\/2"}],"replies":[{"embeddable":true,"href":"https:\/\/www.europesays.com\/pt\/wp-json\/wp\/v2\/comments?post=133855"}],"version-history":[{"count":0,"href":"https:\/\/www.europesays.com\/pt\/wp-json\/wp\/v2\/posts\/133855\/revisions"}],"wp:featuredmedia":[{"embeddable":true,"href":"https:\/\/www.europesays.com\/pt\/wp-json\/wp\/v2\/media\/133856"}],"wp:attachment":[{"href":"https:\/\/www.europesays.com\/pt\/wp-json\/wp\/v2\/media?parent=133855"}],"wp:term":[{"taxonomy":"category","embeddable":true,"href":"https:\/\/www.europesays.com\/pt\/wp-json\/wp\/v2\/categories?post=133855"},{"taxonomy":"post_tag","embeddable":true,"href":"https:\/\/www.europesays.com\/pt\/wp-json\/wp\/v2\/tags?post=133855"}],"curies":[{"name":"wp","href":"https:\/\/api.w.org\/{rel}","templated":true}]}}