{"id":133859,"date":"2025-10-31T11:17:07","date_gmt":"2025-10-31T11:17:07","guid":{"rendered":"https:\/\/www.europesays.com\/pt\/133859\/"},"modified":"2025-10-31T11:17:07","modified_gmt":"2025-10-31T11:17:07","slug":"meg-ryan-faz-a-defesa-das-comedias-romanticas-fazem-as-pessoas-sentirem-se-bem-e-e-isso-que-perdura-sic-noticias","status":"publish","type":"post","link":"https:\/\/www.europesays.com\/pt\/133859\/","title":{"rendered":"Meg Ryan faz a defesa das com\u00e9dias rom\u00e2nticas: &quot;Fazem as pessoas sentirem-se bem e \u00e9 isso que perdura&quot; &#8211; SIC Not\u00edcias"},"content":{"rendered":"<ol>\n<li><a href=\"https:\/\/news.google.com\/rss\/articles\/CBMi_gFBVV95cUxOWG5heHpnVEpsbF9tOEpOc1FEWVNIbHRFMlBPVHdkd2JzaTROYjBOak1Fa09IYzVTUHBseU0wSmcxTngzc0dLRjNIZjNRcTA2djd1WFdSaVA5QXpLVk1YWVk4UzhsOHpPN0pZdTNQaXdyN213R0QwVVlwSlV3Q09qSjB3aG5haVRCUzMwcmxqREt4VXQ1TXhNX1A2c3lZaVctTy0yaTlFUnM1emdYalNFT1dmNnZIekFfb05ya1VRT1NKM0owUERLYjIwZXN5TVR4amhjaXd6eC1GRm5tRm9rS0hrWDE4QW9ZVmlCY1NOQ05mNFY3b1cySEZWaXVVZw?oc=5\" target=\"_blank\" rel=\"nofollow noopener\">Meg Ryan faz a defesa das com\u00e9dias rom\u00e2nticas: &#8220;Fazem as pessoas sentirem-se bem e \u00e9 isso que perdura&#8221;<\/a>&nbsp;&nbsp;SIC Not\u00edcias<\/li>\n<li><a href=\"https:\/\/news.google.com\/rss\/articles\/CBMisgFBVV95cUxQeVNmdHpNVTl0cmpCTXpWYUVtMXIxZ0NMMGcwZ0YwN3lPSHFIWEhVbnVYdnJ5VmxERnRsaHhNR3JlMGt5UUlPRDNWdHZQVU1MY1ZKU0sxSlBJUS1MMElFRFQ1TmFfSDZCb3h0bjdpaFVrQTRzU2hwRG9DSW5nTEIwdUt6SUFKMUhkVW5sQ2tZZ3pCV0ZCWkhBVnNoRFY2bTVFSGZpdWN6bWI5dVJhX1lLUEJR?oc=5\" target=\"_blank\" rel=\"nofollow noopener\">Meg Ryan confessa fasc\u00ednio pelas ondas da Nazar\u00e9: \u201cS\u00e3o mesmo a s\u00e9rio?\u201d<\/a>&nbsp;&nbsp;nit.pt<\/li>\n<li><a href=\"https:\/\/news.google.com\/rss\/articles\/CBMisAFBVV95cUxOYlJfMHd1TTAxX0JoVXBLVzB0U21XQVFrczN5QUZvcm9SVDJiSnB1di1laU0yWHM2dXlDbGZlZFlaLXB3Y1RyWG1objNwLURUMjVodVp4OXNaeEtmSGVoaVR5Umc0dk5uZU9ZMnZRcE9tUjNSU0xMYkQ4MXZKRWtaQVJMQUFHYjdEMHdlSHFmNWF2bUJJN3hXS2VWbkgyc3ZkQy1xZVp1eEVCR0w4ZGZ0dg?oc=5\" target=\"_blank\" rel=\"nofollow noopener\">Catarina Furtado cumpre sonho de mi\u00fada: &#8220;Sempre tive uma esp\u00e9cie de crush por ela&#8221;<\/a>&nbsp;&nbsp;A Televis\u00e3o<\/li>\n<li><a href=\"https:\/\/news.google.com\/rss\/articles\/CBMizAFBVV95cUxQOHNWa3kySE96ZXFBM0dHaG1DQlRrU1lvb0tUUzE1U1lYcHhEVVlsM1llU2U0anQwR2pNTndJVFVwMjhJYU5aVVh4SkhZQjZ4QUg2VTRQbTBtVnh1bHEzTnc2a3lHMGE1Sm4xWHRYa2JXMFoybk9VYm03QWFpYmpaR2VLVUFGWnUwVWhna1Q0ZXRld01wVl9hMjRvRHR2MTBGRXg3SWxkcUx1aTVmTkdvYklMZzVLYjExT2R4NmN6cWFBYlRTTWZvbUtueDM?oc=5\" target=\"_blank\" rel=\"nofollow noopener\">Meg Ryan j\u00e1 n\u00e3o \u00e9 s\u00f3 atriz. Tornou-se realizadora e ganhou \u201cum novo respeito\u201d pelo cinema<\/a>&nbsp;&nbsp;Renascen\u00e7a<\/li>\n<li><a href=\"https:\/\/news.google.com\/rss\/articles\/CBMi6gFBVV95cUxQV01oSFQtNnFUUEg0OUF1SWprRVlKMUdHdERCLTdxRzlsUmlJMWFMUHFXQUhhQzNYeEc0S0t2WkFYaUlidzh1QjRMZ3JNRF9ic2RzQ08xMkJnU1JVWHdXdXp4X1M5N0dERXlUNlhUZ1RtRC1TTDFkdE1oYTBSVnNzaS1oWGRUUFh2Z1JFQmlaZG5CMTkzcDA4ZVVXbndvUUgtMnZEWHFJUWg5MU5nMkFOaHl6eEtvUHRWUGtQazlYdzNNSkRncFhqQng1Q0poUWhEMzlSZjdlTVZTZEFqTmFlMmNodUxXa20wS0E?oc=5\" target=\"_blank\" rel=\"nofollow noopener\">Meg Ryan est\u00e1 em Portugal e h\u00e1 uma vila que quer visitar por causa das ondas: &#8220;Nem acredito que existe&#8221;<\/a>&nbsp;&nbsp;Fama Show<\/li>\n<\/ol>\n","protected":false},"excerpt":{"rendered":"Meg Ryan faz a defesa das com\u00e9dias rom\u00e2nticas: &#8220;Fazem as pessoas sentirem-se bem e \u00e9 isso que perdura&#8221;&nbsp;&nbsp;SIC&hellip;\n","protected":false},"author":2,"featured_media":129359,"comment_status":"","ping_status":"","sticky":false,"template":"","format":"standard","meta":{"footnotes":""},"categories":[145],"tags":[211,210,114,115,32,33],"class_list":{"0":"post-133859","1":"post","2":"type-post","3":"status-publish","4":"format-standard","5":"has-post-thumbnail","7":"category-celebridades","8":"tag-celebridades","9":"tag-celebrities","10":"tag-entertainment","11":"tag-entretenimento","12":"tag-portugal","13":"tag-pt"},"share_on_mastodon":{"url":"https:\/\/pubeurope.com\/@pt\/115468503823757883","error":""},"_links":{"self":[{"href":"https:\/\/www.europesays.com\/pt\/wp-json\/wp\/v2\/posts\/133859","targetHints":{"allow":["GET"]}}],"collection":[{"href":"https:\/\/www.europesays.com\/pt\/wp-json\/wp\/v2\/posts"}],"about":[{"href":"https:\/\/www.europesays.com\/pt\/wp-json\/wp\/v2\/types\/post"}],"author":[{"embeddable":true,"href":"https:\/\/www.europesays.com\/pt\/wp-json\/wp\/v2\/users\/2"}],"replies":[{"embeddable":true,"href":"https:\/\/www.europesays.com\/pt\/wp-json\/wp\/v2\/comments?post=133859"}],"version-history":[{"count":0,"href":"https:\/\/www.europesays.com\/pt\/wp-json\/wp\/v2\/posts\/133859\/revisions"}],"wp:featuredmedia":[{"embeddable":true,"href":"https:\/\/www.europesays.com\/pt\/wp-json\/wp\/v2\/media\/129359"}],"wp:attachment":[{"href":"https:\/\/www.europesays.com\/pt\/wp-json\/wp\/v2\/media?parent=133859"}],"wp:term":[{"taxonomy":"category","embeddable":true,"href":"https:\/\/www.europesays.com\/pt\/wp-json\/wp\/v2\/categories?post=133859"},{"taxonomy":"post_tag","embeddable":true,"href":"https:\/\/www.europesays.com\/pt\/wp-json\/wp\/v2\/tags?post=133859"}],"curies":[{"name":"wp","href":"https:\/\/api.w.org\/{rel}","templated":true}]}}