{"id":133893,"date":"2025-10-31T11:49:08","date_gmt":"2025-10-31T11:49:08","guid":{"rendered":"https:\/\/www.europesays.com\/pt\/133893\/"},"modified":"2025-10-31T11:49:08","modified_gmt":"2025-10-31T11:49:08","slug":"leila-pereira-interrompe-conferencia-de-abel-ferreira-nao-aguentei","status":"publish","type":"post","link":"https:\/\/www.europesays.com\/pt\/133893\/","title":{"rendered":"Leila Pereira interrompe confer\u00eancia de Abel Ferreira: \u00abN\u00e3o aguentei&#8230;\u00bb"},"content":{"rendered":"<p>Naquela que ser\u00e1 uma noite inesquec\u00edvel para os adeptos do Palmeiras, <a href=\"https:\/\/maisfutebol.iol.pt\/libertadores\/abel-ferreira\/incrivel-palmeiras-de-abel-recupera-desvantagem-de-tres-e-esta-na-final-da-libertadores\" target=\"_blank\" rel=\"nofollow noopener\">que recuperaram de uma desvantagem de tr\u00eas golos e garantiram a passagem \u00e0 final da Libertadores<\/a>, a presidente do clube, Leila Pereira, protagonizou um momento in\u00e9dito na confer\u00eancia de Abel Ferreira.<\/p>\n<p>Quando falava aos jornalistas, ap\u00f3s a vit\u00f3ria \u00e9pica por 4-0, o treinador portugu\u00eas foi interrompido pela pr\u00f3pria presente, que entrou na sala e desfez-se em elogios.<\/p>\n<p>\u00abParab\u00e9ns, Abel. Este homem sabe o que faz e sabe o que diz. Antes do jogo disse-me \u201cLeila, hoje ser\u00e1 uma noite hist\u00f3rica, m\u00e1gica\u201d. E realmente foi! Obrigada, Abel\u00bb, come\u00e7ou por dizer.<\/p>\n<p>\u00ab\u00c9 o maior t\u00e9cnico da hist\u00f3ria do Palmeiras. Sem d\u00favida alguma, ele sabe disso e que sempre o apoiei nos momentos positivos e nos momentos dif\u00edceis. Obrigado, Abel. Realmente tinha raz\u00e3o, foi uma noite m\u00e1gica. Desculpem, n\u00e3o aguentei e tive de entrar aqui\u00bb, acrescentou claramente emocionada.<\/p>\n<p>De recordar que o Palmeiras perdeu a primeira m\u00e3o da meia-final por 3-0, no Equador. Por\u00e9m, na madrugada desta sexta-feira, a equipa brasileiro operou uma reviravolta frente \u00e0 LDU Quito e venceu por 4-0, carimbando a passagem \u00e0 final da Libertadores, frente ao Flamengo.<\/p>\n","protected":false},"excerpt":{"rendered":"Naquela que ser\u00e1 uma noite inesquec\u00edvel para os adeptos do Palmeiras, que recuperaram de uma desvantagem de tr\u00eas&hellip;\n","protected":false},"author":2,"featured_media":133894,"comment_status":"","ping_status":"","sticky":false,"template":"","format":"standard","meta":{"footnotes":""},"categories":[8],"tags":[3506,726,27,28,9062,15,16,14,82,25,26,30257,21,22,46,12,13,19,20,1621,32,23,24,33,47,17,18,29,30,31],"class_list":{"0":"post-133893","1":"post","2":"type-post","3":"status-publish","4":"format-standard","5":"has-post-thumbnail","7":"category-principais-noticias","8":"tag-abel-ferreira","9":"tag-brasil","10":"tag-breaking-news","11":"tag-breakingnews","12":"tag-conferencia-de-imprensa","13":"tag-featured-news","14":"tag-featurednews","15":"tag-headlines","16":"tag-internacional","17":"tag-latest-news","18":"tag-latestnews","19":"tag-leila-pereira","20":"tag-main-news","21":"tag-mainnews","22":"tag-maisfutebol","23":"tag-news","24":"tag-noticias","25":"tag-noticias-principais","26":"tag-noticiasprincipais","27":"tag-palmeiras","28":"tag-portugal","29":"tag-principais-noticias","30":"tag-principaisnoticias","31":"tag-pt","32":"tag-pura-paixao","33":"tag-top-stories","34":"tag-topstories","35":"tag-ultimas","36":"tag-ultimas-noticias","37":"tag-ultimasnoticias"},"share_on_mastodon":{"url":"https:\/\/pubeurope.com\/@pt\/115468629826722251","error":""},"_links":{"self":[{"href":"https:\/\/www.europesays.com\/pt\/wp-json\/wp\/v2\/posts\/133893","targetHints":{"allow":["GET"]}}],"collection":[{"href":"https:\/\/www.europesays.com\/pt\/wp-json\/wp\/v2\/posts"}],"about":[{"href":"https:\/\/www.europesays.com\/pt\/wp-json\/wp\/v2\/types\/post"}],"author":[{"embeddable":true,"href":"https:\/\/www.europesays.com\/pt\/wp-json\/wp\/v2\/users\/2"}],"replies":[{"embeddable":true,"href":"https:\/\/www.europesays.com\/pt\/wp-json\/wp\/v2\/comments?post=133893"}],"version-history":[{"count":0,"href":"https:\/\/www.europesays.com\/pt\/wp-json\/wp\/v2\/posts\/133893\/revisions"}],"wp:featuredmedia":[{"embeddable":true,"href":"https:\/\/www.europesays.com\/pt\/wp-json\/wp\/v2\/media\/133894"}],"wp:attachment":[{"href":"https:\/\/www.europesays.com\/pt\/wp-json\/wp\/v2\/media?parent=133893"}],"wp:term":[{"taxonomy":"category","embeddable":true,"href":"https:\/\/www.europesays.com\/pt\/wp-json\/wp\/v2\/categories?post=133893"},{"taxonomy":"post_tag","embeddable":true,"href":"https:\/\/www.europesays.com\/pt\/wp-json\/wp\/v2\/tags?post=133893"}],"curies":[{"name":"wp","href":"https:\/\/api.w.org\/{rel}","templated":true}]}}