{"id":133911,"date":"2025-10-31T12:02:10","date_gmt":"2025-10-31T12:02:10","guid":{"rendered":"https:\/\/www.europesays.com\/pt\/133911\/"},"modified":"2025-10-31T12:02:10","modified_gmt":"2025-10-31T12:02:10","slug":"viseu-aveiro-e-coimbra-sob-aviso-vermelho-devido-a-chuva","status":"publish","type":"post","link":"https:\/\/www.europesays.com\/pt\/133911\/","title":{"rendered":"Viseu, Aveiro e Coimbra sob aviso vermelho devido \u00e0 chuva"},"content":{"rendered":"<p>&#13;<br \/>\nO aviso \u00e9 v\u00e1lido entre as 6h00 e 12h00. Estes tr\u00eas distritos entraram na madrugada desta sexta-feira em aviso laranja, que se prolonga at\u00e9 \u00e0s 0h00 de s\u00e1bado.&#13;\n<\/p>\n<p>&#13;<br \/>\nTamb\u00e9m Bragan\u00e7a, Porto, Guarda, Vila Real, Viana do Castelo, Leiria e Braga, estar\u00e3o sob aviso laranja na sexta-feira devido \u00e0 &#8220;precipita\u00e7\u00e3o persistente e por vezes forte&#8221;.&#13;\n<\/p>\n<p>&#13;<br \/>\nEstes dez distritos ficam no s\u00e1bado sob aviso amarelo devido \u00e0 previs\u00e3o chuva.&#13;\n<\/p>\n<p>&#13;<br \/>\nO IPMA colocou ainda Set\u00fabal, Santar\u00e9m, Lisboa, Castelo Branco, Portalegre sob aviso amarelo esta sexta-feira e no s\u00e1bado.&#13;\n<\/p>\n<p>&#13;<br \/>\nOs avisos do IPMA &#8211;\u00a0vermelho, laranja e amarelo &#8211;\u00a0s\u00e3o emitidos quando existe uma situa\u00e7\u00e3o meteorol\u00f3gica de risco, que pode ser avaliada como de risco elevado, moderado ou reduzido.&#13;\n<\/p>\n<p>&#13;<br \/>\nA Autoridade Nacional de Emerg\u00eancia e Prote\u00e7\u00e3o Civil (ANEPC) emitiu hoje um aviso \u00e0 popula\u00e7\u00e3o para comportamentos preventivos devido \u00e0 previs\u00e3o de chuva forte, vento e possibilidade de cheias ou inunda\u00e7\u00f5es nos pr\u00f3ximos dias.&#13;\n<\/p>\n<p>&#13;<br \/>\nFonte da ANEPC disse \u00e0 ag\u00eancia Lusa que o n\u00edvel de prontid\u00e3o foi elevado para 3, o que significa uma maior capacidade de resposta dos operacionais.&#13;\n<\/p>\n<p>&#13;<br \/>\nA Prote\u00e7\u00e3o Civil advertiu que podem ocorrer varia\u00e7\u00f5es significativas nos caudais de zonas historicamente mais vulner\u00e1veis.&#13;\n<\/p>\n<p>&#13;<br \/>\nO agravamento das condi\u00e7\u00f5es meteorol\u00f3gicas est\u00e1 associado \u00e0 previs\u00e3o de inunda\u00e7\u00f5es em zonas urbanas, cheias e contamina\u00e7\u00e3o de fontes de \u00e1gua pot\u00e1vel por inertes resultantes dos inc\u00eandios rurais.&#13;\n<\/p>\n<p>&#13;<br \/>\nA Prote\u00e7\u00e3o Civil alertou para a necessidade de garantir a desobstru\u00e7\u00e3o dos sistemas de escoamento das \u00e1guas pluviais e a adequada fixa\u00e7\u00e3o de estruturas soltas, nomeadamente andaimes, placas e outros materiais suspensos.&#13;\n<\/p>\n<p>&#13;<br \/>\nAs temperaturas m\u00ednimas v\u00e3o registar uma descida mais significativa, prevendo-se valores na ordem de dez a 15 graus nas regi\u00f5es norte e centro, descendo para valores inferiores a cinco graus em alguns locais do interior norte e centro na noite de s\u00e1bado para domingo.&#13;\n<\/p>\n<p>&#13;<br \/>\nAs m\u00ednimas v\u00e3o variar entre 13 e 18 graus na regi\u00e3o sul, descendo para valores entre nove e 14 graus na noite de s\u00e1bado para domingo.&#13;\n<\/p>\n<p>&#13;<br \/>\nA PSP alertou tamb\u00e9m os condutores para o mau tempo previsto para os pr\u00f3ximos dias, que aumenta o risco de acidentes rodovi\u00e1rios.&#13;<\/p>\n","protected":false},"excerpt":{"rendered":"&#13; O aviso \u00e9 v\u00e1lido entre as 6h00 e 12h00. Estes tr\u00eas distritos entraram na madrugada desta sexta-feira&hellip;\n","protected":false},"author":2,"featured_media":133912,"comment_status":"","ping_status":"","sticky":false,"template":"","format":"standard","meta":{"footnotes":""},"categories":[10],"tags":[1450,27,28,15,16,14,25,26,21,22,12,13,19,20,32,23,24,6821,33,17,18,29,30,31],"class_list":{"0":"post-133911","1":"post","2":"type-post","3":"status-publish","4":"format-standard","5":"has-post-thumbnail","7":"category-portugal","8":"tag-braganca","9":"tag-breaking-news","10":"tag-breakingnews","11":"tag-featured-news","12":"tag-featurednews","13":"tag-headlines","14":"tag-latest-news","15":"tag-latestnews","16":"tag-main-news","17":"tag-mainnews","18":"tag-news","19":"tag-noticias","20":"tag-noticias-principais","21":"tag-noticiasprincipais","22":"tag-portugal","23":"tag-principais-noticias","24":"tag-principaisnoticias","25":"tag-protecao","26":"tag-pt","27":"tag-top-stories","28":"tag-topstories","29":"tag-ultimas","30":"tag-ultimas-noticias","31":"tag-ultimasnoticias"},"share_on_mastodon":{"url":"https:\/\/pubeurope.com\/@pt\/115468680936539318","error":""},"_links":{"self":[{"href":"https:\/\/www.europesays.com\/pt\/wp-json\/wp\/v2\/posts\/133911","targetHints":{"allow":["GET"]}}],"collection":[{"href":"https:\/\/www.europesays.com\/pt\/wp-json\/wp\/v2\/posts"}],"about":[{"href":"https:\/\/www.europesays.com\/pt\/wp-json\/wp\/v2\/types\/post"}],"author":[{"embeddable":true,"href":"https:\/\/www.europesays.com\/pt\/wp-json\/wp\/v2\/users\/2"}],"replies":[{"embeddable":true,"href":"https:\/\/www.europesays.com\/pt\/wp-json\/wp\/v2\/comments?post=133911"}],"version-history":[{"count":0,"href":"https:\/\/www.europesays.com\/pt\/wp-json\/wp\/v2\/posts\/133911\/revisions"}],"wp:featuredmedia":[{"embeddable":true,"href":"https:\/\/www.europesays.com\/pt\/wp-json\/wp\/v2\/media\/133912"}],"wp:attachment":[{"href":"https:\/\/www.europesays.com\/pt\/wp-json\/wp\/v2\/media?parent=133911"}],"wp:term":[{"taxonomy":"category","embeddable":true,"href":"https:\/\/www.europesays.com\/pt\/wp-json\/wp\/v2\/categories?post=133911"},{"taxonomy":"post_tag","embeddable":true,"href":"https:\/\/www.europesays.com\/pt\/wp-json\/wp\/v2\/tags?post=133911"}],"curies":[{"name":"wp","href":"https:\/\/api.w.org\/{rel}","templated":true}]}}