{"id":133913,"date":"2025-10-31T12:03:16","date_gmt":"2025-10-31T12:03:16","guid":{"rendered":"https:\/\/www.europesays.com\/pt\/133913\/"},"modified":"2025-10-31T12:03:16","modified_gmt":"2025-10-31T12:03:16","slug":"parlamento-da-letonia-vota-para-sair-de-convencao-que-protege-as-mulheres-direitos-das-mulheres","status":"publish","type":"post","link":"https:\/\/www.europesays.com\/pt\/133913\/","title":{"rendered":"Parlamento da Let\u00f3nia vota para sair de conven\u00e7\u00e3o que protege as mulheres | Direitos das mulheres"},"content":{"rendered":"<p>O parlamento da Let\u00f3nia votou nesta quinta-feira para sair de um tratado internacional dedicado ao combate da viol\u00eancia contra as mulheres, depois de um parceiro conservador da coliga\u00e7\u00e3o que constitui o Governo ter decidido apoiar a medida, contrariando tanto a primeira-ministra como o Presidente.<\/p>\n<p>A <a href=\"https:\/\/rm.coe.int\/168008482e\" rel=\"nofollow noopener\" target=\"_blank\">Conven\u00e7\u00e3o de Istambul<\/a>, criada pelo Conselho da Europa e assinada por dezenas de Estados, define a viol\u00eancia contra a mulher como uma viola\u00e7\u00e3o dos direitos humanos e trata de v\u00e1rias formas de viol\u00eancia de g\u00e9nero.<\/p>\n<p>No entanto, opositores let\u00f5es do tratado argumentam que este introduz uma defini\u00e7\u00e3o de g\u00e9nero que vai al\u00e9m do sexo biol\u00f3gico, tratando-o como uma constru\u00e7\u00e3o social. Para al\u00e9m disso, afirmam que as leis nacionais j\u00e1 existentes s\u00e3o suficientes para lidar com a <a href=\"http:\/\/www.publico.pt\/2025\/10\/20\/publico-brasil\/noticia\/brasileira-vitima-tentativa-estupro-dentro-trem-periferia-paris-2151542\" rel=\"nofollow noopener\" target=\"_blank\">viol\u00eancia de g\u00e9nero<\/a>.<\/p>\n<p>Um dos tr\u00eas partidos da coliga\u00e7\u00e3o, a Uni\u00e3o de Verdes e Agricultores (Union of Greens and Farmers), afastou-se da posi\u00e7\u00e3o defendida pela primeira-ministra, Evika Silina, e juntou-se \u00e0 oposi\u00e7\u00e3o para aprovar a sa\u00edda, que contou com 56 votos a favor num parlamento de 100 assentos.<\/p>\n<p>\u201c[A sa\u00edda] n\u00e3o vai influenciar de forma alguma a viol\u00eancia dom\u00e9stica. As protec\u00e7\u00f5es contra a <a href=\"https:\/\/www.publico.pt\/2025\/10\/09\/sociedade\/noticia\/apav-apoiou-14-mil-vitimas-ano-violencia-domestica-continua-crime-reportado-2150158\" rel=\"nofollow noopener\" target=\"_blank\">viol\u00eancia dom\u00e9stica<\/a> j\u00e1 estavam na lei let\u00e3 mesmo antes da Conven\u00e7\u00e3o de Istambul\u201d, disse Gunars Gutris, parlamentar da Uni\u00e3o de Verdes e Agricultores, \u00e0 Reuters.<\/p>\n<p>Cerca de cinco mil pessoas protestaram no centro de Riga na quarta-feira contra o abandono da conven\u00e7\u00e3o, segundo a <a href=\"https:\/\/eng.lsm.lv\/article\/politics\/saeima\/30.10.2025-latvian-parliament-votes-to-exit-istanbul-convention.a620375\/\" target=\"_blank\" rel=\"nofollow noopener\">emissora p\u00fablica LSM<\/a>. Silina dirigiu-se \u00e0 multid\u00e3o, declarando o seu apoio \u00e0 perman\u00eancia no tratado.<\/p>\n<p>\u201cIsso ser\u00e1 um golpe devastador para a posi\u00e7\u00e3o da Let\u00f3nia na Uni\u00e3o Europeia, bem como internacionalmente\u201d, disse Andris Suvajevs, chefe do grupo parlamentar dos Progressistas, partido liberal da coliga\u00e7\u00e3o governamental, \u00e0 Reuters.<\/p>\n<p>A conven\u00e7\u00e3o foi assinada pela primeira vez em Istambul em 2011 e entrou em vigor tr\u00eas anos depois, com a maioria dos pa\u00edses da Uni\u00e3o Europeia a ter assinado e ratificado o tratado. A Let\u00f3nia, que ratificou a conven\u00e7\u00e3o apenas em 2023, est\u00e1 prestes tornar-se o segundo pa\u00eds a retirar-se, depois da Turquia, em 2021, o que lhe valeu duras cr\u00edticas da Comiss\u00e3o Europeia.<\/p>\n<p>Em 2020, o Governo de direita da Pol\u00f3nia tamb\u00e9m iniciou o processo de sa\u00edda do tratado, mas desde ent\u00e3o foi substitu\u00eddo pelo gabinete centrista do primeiro-ministro Donald Tusk, que cancelou os planos no ano passado. O parlamento da Ch\u00e9quia, no ano passado, falhou por pouco em ratificar a conven\u00e7\u00e3o, que havia assinado em 2021.<\/p>\n","protected":false},"excerpt":{"rendered":"O parlamento da Let\u00f3nia votou nesta quinta-feira para sair de um tratado internacional dedicado ao combate da viol\u00eancia&hellip;\n","protected":false},"author":2,"featured_media":133914,"comment_status":"","ping_status":"","sticky":false,"template":"","format":"standard","meta":{"footnotes":""},"categories":[8],"tags":[27,28,18356,3026,15,16,14,25,26,15625,21,22,2623,62,12,13,19,20,32,23,24,33,17,18,29,30,31],"class_list":{"0":"post-133913","1":"post","2":"type-post","3":"status-publish","4":"format-standard","5":"has-post-thumbnail","7":"category-principais-noticias","8":"tag-breaking-news","9":"tag-breakingnews","10":"tag-direitos-das-mulheres","11":"tag-direitos-humanos","12":"tag-featured-news","13":"tag-featurednews","14":"tag-headlines","15":"tag-latest-news","16":"tag-latestnews","17":"tag-letonia","18":"tag-main-news","19":"tag-mainnews","20":"tag-mulheres","21":"tag-mundo","22":"tag-news","23":"tag-noticias","24":"tag-noticias-principais","25":"tag-noticiasprincipais","26":"tag-portugal","27":"tag-principais-noticias","28":"tag-principaisnoticias","29":"tag-pt","30":"tag-top-stories","31":"tag-topstories","32":"tag-ultimas","33":"tag-ultimas-noticias","34":"tag-ultimasnoticias"},"share_on_mastodon":{"url":"https:\/\/pubeurope.com\/@pt\/115468684844705607","error":""},"_links":{"self":[{"href":"https:\/\/www.europesays.com\/pt\/wp-json\/wp\/v2\/posts\/133913","targetHints":{"allow":["GET"]}}],"collection":[{"href":"https:\/\/www.europesays.com\/pt\/wp-json\/wp\/v2\/posts"}],"about":[{"href":"https:\/\/www.europesays.com\/pt\/wp-json\/wp\/v2\/types\/post"}],"author":[{"embeddable":true,"href":"https:\/\/www.europesays.com\/pt\/wp-json\/wp\/v2\/users\/2"}],"replies":[{"embeddable":true,"href":"https:\/\/www.europesays.com\/pt\/wp-json\/wp\/v2\/comments?post=133913"}],"version-history":[{"count":0,"href":"https:\/\/www.europesays.com\/pt\/wp-json\/wp\/v2\/posts\/133913\/revisions"}],"wp:featuredmedia":[{"embeddable":true,"href":"https:\/\/www.europesays.com\/pt\/wp-json\/wp\/v2\/media\/133914"}],"wp:attachment":[{"href":"https:\/\/www.europesays.com\/pt\/wp-json\/wp\/v2\/media?parent=133913"}],"wp:term":[{"taxonomy":"category","embeddable":true,"href":"https:\/\/www.europesays.com\/pt\/wp-json\/wp\/v2\/categories?post=133913"},{"taxonomy":"post_tag","embeddable":true,"href":"https:\/\/www.europesays.com\/pt\/wp-json\/wp\/v2\/tags?post=133913"}],"curies":[{"name":"wp","href":"https:\/\/api.w.org\/{rel}","templated":true}]}}