{"id":133917,"date":"2025-10-31T12:07:09","date_gmt":"2025-10-31T12:07:09","guid":{"rendered":"https:\/\/www.europesays.com\/pt\/133917\/"},"modified":"2025-10-31T12:07:09","modified_gmt":"2025-10-31T12:07:09","slug":"emocoes-a-flor-da-pele-apos-confronto-com-marisa-susana-bruno-ameaca-desistir-secret-story","status":"publish","type":"post","link":"https:\/\/www.europesays.com\/pt\/133917\/","title":{"rendered":"Emo\u00e7\u00f5es \u00e0 flor da pele: Ap\u00f3s confronto com Marisa Susana, Bruno amea\u00e7a desistir &#8211; Secret Story"},"content":{"rendered":"<p>No Secret Story 9, as emo\u00e7\u00f5es estiveram ao rubro depois de um <a href=\"https:\/\/tvi.iol.pt\/secretstory\/marisa-susana\/bruno-simao\/tensao-maxima-marisa-e-bruno-enfrentam-se-e-a-voz-reage-com-nomeacao-direta\" rel=\"nofollow noopener\" target=\"_blank\">confronto intenso entre Bruno e Marisa Susana<\/a>, que levou a Voz a sancionar o concorrente. Visivelmente abalado, acabou por amea\u00e7ar desistir do programa.<\/p>\n<p><strong>H\u00e1 seis concorrentes em risco de expuls\u00e3o no pr\u00f3ximo domingo:<\/strong><\/p>\n<p>ANA \u2013 761 20 20 01<br \/>BRUNO \u2013 761 20 20 04<br \/>MARIANA \u2013 761 20 20 15<br \/>MARISA \u2013 761 20 20 16<br \/>MARISA SUSANA \u2013 761 20 20 17<br \/>PEDRO \u2013 761 20 20 18<\/p>\n<p><a href=\"https:\/\/tvi.iol.pt\/secretstory\/aominuto\" wbo-id=\"32\" rel=\"nofollow noopener\" target=\"_blank\">Acompanhe aqui tudo o que se passa na casa ao minuto!<\/a><\/p>\n","protected":false},"excerpt":{"rendered":"No Secret Story 9, as emo\u00e7\u00f5es estiveram ao rubro depois de um confronto intenso entre Bruno e Marisa&hellip;\n","protected":false},"author":2,"featured_media":133918,"comment_status":"","ping_status":"","sticky":false,"template":"","format":"standard","meta":{"footnotes":""},"categories":[142],"tags":[3768,114,115,19033,19034,32,33,151,19032],"class_list":{"0":"post-133917","1":"post","2":"type-post","3":"status-publish","4":"format-standard","5":"has-post-thumbnail","7":"category-tv","8":"tag-bruno","9":"tag-entertainment","10":"tag-entretenimento","11":"tag-galas-em-video","12":"tag-melhores-momentos-casa-dos-segredos","13":"tag-portugal","14":"tag-pt","15":"tag-tv","16":"tag-videos-secret-story-tvi"},"share_on_mastodon":{"url":"https:\/\/pubeurope.com\/@pt\/115468700384716976","error":""},"_links":{"self":[{"href":"https:\/\/www.europesays.com\/pt\/wp-json\/wp\/v2\/posts\/133917","targetHints":{"allow":["GET"]}}],"collection":[{"href":"https:\/\/www.europesays.com\/pt\/wp-json\/wp\/v2\/posts"}],"about":[{"href":"https:\/\/www.europesays.com\/pt\/wp-json\/wp\/v2\/types\/post"}],"author":[{"embeddable":true,"href":"https:\/\/www.europesays.com\/pt\/wp-json\/wp\/v2\/users\/2"}],"replies":[{"embeddable":true,"href":"https:\/\/www.europesays.com\/pt\/wp-json\/wp\/v2\/comments?post=133917"}],"version-history":[{"count":0,"href":"https:\/\/www.europesays.com\/pt\/wp-json\/wp\/v2\/posts\/133917\/revisions"}],"wp:featuredmedia":[{"embeddable":true,"href":"https:\/\/www.europesays.com\/pt\/wp-json\/wp\/v2\/media\/133918"}],"wp:attachment":[{"href":"https:\/\/www.europesays.com\/pt\/wp-json\/wp\/v2\/media?parent=133917"}],"wp:term":[{"taxonomy":"category","embeddable":true,"href":"https:\/\/www.europesays.com\/pt\/wp-json\/wp\/v2\/categories?post=133917"},{"taxonomy":"post_tag","embeddable":true,"href":"https:\/\/www.europesays.com\/pt\/wp-json\/wp\/v2\/tags?post=133917"}],"curies":[{"name":"wp","href":"https:\/\/api.w.org\/{rel}","templated":true}]}}