{"id":133925,"date":"2025-10-31T12:17:16","date_gmt":"2025-10-31T12:17:16","guid":{"rendered":"https:\/\/www.europesays.com\/pt\/133925\/"},"modified":"2025-10-31T12:17:16","modified_gmt":"2025-10-31T12:17:16","slug":"chega-livre-e-movimento-independente-juntam-se-ao-ps-e-travam-coligacao-de-pedro-duarte-em-ramalde","status":"publish","type":"post","link":"https:\/\/www.europesays.com\/pt\/133925\/","title":{"rendered":"Chega, Livre e movimento independente juntam-se ao PS e travam coliga\u00e7\u00e3o de Pedro Duarte em Ramalde"},"content":{"rendered":"<p>Pedro Duarte ainda n\u00e3o tomou posse como presidente da C\u00e2mara do Porto, mas j\u00e1 se confronta com sinais de turbul\u00eancia pol\u00edtica. Em Ramalde, uma das maiores freguesias da cidade,\u00a0o PS conseguiu formar uma maioria inesperada, juntando a votos socialistas os eleitos do\u00a0Chega, do\u00a0Livre\u00a0e do\u00a0movimento\u00a0independente Fazer\u00a0\u00e0 Porto, liderado por Filipe\u00a0Ara\u00fajo.\u00a0<\/p>\n<p>A coliga\u00e7\u00e3o\u00a0PPD-PSD\/CDS-PP\/IL, que venceu as elei\u00e7\u00f5es aut\u00e1rquicas, viu assim a sua proposta para a\u00a0Mesa da Assembleia de Freguesia\u00a0ser derrotada. O aviso pol\u00edtico n\u00e3o tardou:\u00a0<\/p>\n<p><strong>\u201cEstamos aqui para fazer oposi\u00e7\u00e3o. Habituem-se\u201d, declarou ao\u00a0DN\u00a0Miguel Corte Real, dirigente do Chega e antigo candidato \u00e0 C\u00e2mara do Porto, numa mensagem dirigida \u00e0 coliga\u00e7\u00e3o de Pedro Duarte.<\/strong>\u00a0<\/p>\n<p>Uma fonte da coliga\u00e7\u00e3o\u00a0\u201cPorto Somos\u00a0n\u00f2s\u201d\u00a0considera o epis\u00f3dio um sinal preocupante de \u201cbloqueio pol\u00edtico deliberado\u201d:\u00a0<\/p>\n<p>\u201cO que se disse do Chega, nomeadamente pelo Dr. Pizarro, confirma-se agora. Esta coliga\u00e7\u00e3o negativa tem como \u00fanico objetivo prejudicar o executivo da Junta de Ramalde, juntando todas as outras for\u00e7as pol\u00edticas para travar a lista apresentada pela coliga\u00e7\u00e3o de Pedro Duarte\u201d, afirmou ao DN\u00a0fonte oficial da candidatura.\u00a0<\/p>\n<p>Do lado do Chega, Miguel Corte Real rejeita  acusa\u00e7\u00e3o de ter havido entendimento formal ou acordo com o Partido Socialista.\u00a0<\/p>\n<p><strong>\u201cN\u00e3o h\u00e1 qualquer acordo ou alian\u00e7a com o PS. H\u00e1, sim, uma falta de vontade da coliga\u00e7\u00e3o vencedora em dialogar com os outros. O PS apresentou uma lista, e os nossos eleitos\u00a0supostamente\u00a0votaram nela por considerarem que estava\u00a0melhor\u00a0preparada para fiscalizar o executivo. E digo supostamente porque o voto \u00e9 secreto\u201d<\/strong>, frisou.\u00a0<\/p>\n<p>O dirigente sublinhou ainda que o Chega decidir\u00e1 caso a caso:\u00a0\u201cCada situa\u00e7\u00e3o ser\u00e1 avaliada conforme as circunst\u00e2ncias,\u00a0escolhendo sempre as melhores solu\u00e7\u00f5es para a cidade.\u201d\u00a0<\/p>\n<p>Em Ramalde, a coliga\u00e7\u00e3o PSD\/CDS\/IL venceu as elei\u00e7\u00f5es aut\u00e1rquicas de 12 de outubro com 40,79% dos votos, elegendo nove dos 19 lugares da assembleia de freguesia. O PS conquistou 30,02% (seis eleitos), o Chega 9,44% (dois eleitos), o movimento Filipe Ara\u00fajo: Fazer \u00e0 Porto 5,11% (um eleito) e o Livre 4,47% (um eleito), al\u00e9m de outras cinco for\u00e7as pol\u00edticas.\u00a0\u00a0<\/p>\n<p>O epis\u00f3dio em Ramalde surge como\u00a0exemplo das dificuldades que o novo presidente da C\u00e2mara poder\u00e1 enfrentar na gest\u00e3o da cidade, sobretudo num contexto de maioria relativa e de rela\u00e7\u00f5es tensas com a oposi\u00e7\u00e3o.\u00a0<\/p>\n","protected":false},"excerpt":{"rendered":"Pedro Duarte ainda n\u00e3o tomou posse como presidente da C\u00e2mara do Porto, mas j\u00e1 se confronta com sinais&hellip;\n","protected":false},"author":2,"featured_media":133926,"comment_status":"","ping_status":"","sticky":false,"template":"","format":"standard","meta":{"footnotes":""},"categories":[8],"tags":[27,28,25251,15,16,14,25,26,21,22,12,13,19,20,28704,18043,32,23,24,33,17,18,29,30,31],"class_list":{"0":"post-133925","1":"post","2":"type-post","3":"status-publish","4":"format-standard","5":"has-post-thumbnail","7":"category-principais-noticias","8":"tag-breaking-news","9":"tag-breakingnews","10":"tag-camara-do-porto","11":"tag-featured-news","12":"tag-featurednews","13":"tag-headlines","14":"tag-latest-news","15":"tag-latestnews","16":"tag-main-news","17":"tag-mainnews","18":"tag-news","19":"tag-noticias","20":"tag-noticias-principais","21":"tag-noticiasprincipais","22":"tag-oposicao","23":"tag-pedro-duarte","24":"tag-portugal","25":"tag-principais-noticias","26":"tag-principaisnoticias","27":"tag-pt","28":"tag-top-stories","29":"tag-topstories","30":"tag-ultimas","31":"tag-ultimas-noticias","32":"tag-ultimasnoticias"},"share_on_mastodon":{"url":"https:\/\/pubeurope.com\/@pt\/115468739962177740","error":""},"_links":{"self":[{"href":"https:\/\/www.europesays.com\/pt\/wp-json\/wp\/v2\/posts\/133925","targetHints":{"allow":["GET"]}}],"collection":[{"href":"https:\/\/www.europesays.com\/pt\/wp-json\/wp\/v2\/posts"}],"about":[{"href":"https:\/\/www.europesays.com\/pt\/wp-json\/wp\/v2\/types\/post"}],"author":[{"embeddable":true,"href":"https:\/\/www.europesays.com\/pt\/wp-json\/wp\/v2\/users\/2"}],"replies":[{"embeddable":true,"href":"https:\/\/www.europesays.com\/pt\/wp-json\/wp\/v2\/comments?post=133925"}],"version-history":[{"count":0,"href":"https:\/\/www.europesays.com\/pt\/wp-json\/wp\/v2\/posts\/133925\/revisions"}],"wp:featuredmedia":[{"embeddable":true,"href":"https:\/\/www.europesays.com\/pt\/wp-json\/wp\/v2\/media\/133926"}],"wp:attachment":[{"href":"https:\/\/www.europesays.com\/pt\/wp-json\/wp\/v2\/media?parent=133925"}],"wp:term":[{"taxonomy":"category","embeddable":true,"href":"https:\/\/www.europesays.com\/pt\/wp-json\/wp\/v2\/categories?post=133925"},{"taxonomy":"post_tag","embeddable":true,"href":"https:\/\/www.europesays.com\/pt\/wp-json\/wp\/v2\/tags?post=133925"}],"curies":[{"name":"wp","href":"https:\/\/api.w.org\/{rel}","templated":true}]}}