{"id":133937,"date":"2025-10-31T12:30:15","date_gmt":"2025-10-31T12:30:15","guid":{"rendered":"https:\/\/www.europesays.com\/pt\/133937\/"},"modified":"2025-10-31T12:30:15","modified_gmt":"2025-10-31T12:30:15","slug":"chuva-forte-provoca-inundacoes-idosa-resgatada-no-porto-observador","status":"publish","type":"post","link":"https:\/\/www.europesays.com\/pt\/133937\/","title":{"rendered":"Chuva forte provoca inunda\u00e7\u00f5es. Idosa resgatada no Porto \u2013 Observador"},"content":{"rendered":"<p>A Autoridade Nacional de Emerg\u00eancia e Prote\u00e7\u00e3o Civil (ANEPC) registou entre as 00h00 e as 7h00 de esta sexta-feira <strong>70 ocorr\u00eancias<\/strong> relacionadas com o mau tempo, a maioria inunda\u00e7\u00f5es da via p\u00fablica e estruturas e principalmente no norte do pa\u00eds.<\/p>\n<p>O mau tempo levou a inunda\u00e7\u00f5es, quedas de \u00e1rvores ou <strong>cortes de estradas,<\/strong> sendo que a meio da manh\u00e3 a\u00a0circula\u00e7\u00e3o do tr\u00e2nsito nos t\u00faneis das rotundas do Bessa e da AEP e no Campo Alegre, no Porto, era reaberta, mantendo-se condicionada a sa\u00edda da Via de Cintura Interna (VCI) para a Boavista, disse fonte da PSP \u00e0 Lusa.<\/p>\n<p>\u201cDevido \u00e0s inunda\u00e7\u00f5es na via p\u00fablica, houve tamb\u00e9m necessidade de cortar o <strong>tr\u00e2nsito<\/strong> noutras vias na cidade, nomeadamente na Avenida Antunes Guimar\u00e3es, mas foram situa\u00e7\u00e3o rapidamente resolvidas\u201d, acrescentou a fonte das Rela\u00e7\u00f5es P\u00fablicas, do Comando Metropolitano da PSP do Porto.<\/p>\n<p>Fonte da C\u00e2mara do Porto disse \u00e0 Lusa que a ocorr\u00eancia \u201cmais cr\u00edtica\u201d foi registada na Via de Cintura Interna, onde foi necess\u00e1rio efetuar <strong>o resgaste de uma idosa.<\/strong><\/p>\n<p>\u201cEntre as 20:00 de quinta-feira e as 7h00 de hoje foram registadas cerca de 70 ocorr\u00eancias, maioritariamente inunda\u00e7\u00f5es em via p\u00fablica e quedas de estruturas, sem grandes danos a registar. O pico das ocorr\u00eancias registou-se pelas 6h00\u201d, explicou a fonte.<\/p>\n<p>\u201cTivemos 68 ocorr\u00eancias, a maioria das quais inunda\u00e7\u00f5es da via p\u00fablica e estruturas e na \u00c1rea Metropolitana do Porto, sem causar v\u00edtimas ou danos graves devido \u00e0 chuva\u201d e \u00e0 \u201cmetereologia adversa\u201d, adiantou ao Observador Jos\u00e9 Costa, oficial de opera\u00e7\u00f5es da ANEPC.<\/p>\n<p>Das ocorr\u00eancias registadas, <strong>59 foram inunda\u00e7\u00f5es da via p\u00fablica e estruturas, tr\u00eas quedas de \u00e1rvore e duas limpezas de via e quatro movimentos de massa.<\/strong><\/p>\n<p>A maioria das ocorr\u00eancias foram registadas na \u00c1rea Metropolitana do Porto e as restantes espalhadas pelas regi\u00f5es do Ave e C\u00e1vado. Segundo Jos\u00e9 Costa, foram empenhados 105 operacionais, com o apoio de 35 ve\u00edculos.<\/p>\n<p>As restantes ocorr\u00eancias foram registadas no Alto Minho, no C\u00e1vado e no T\u00e2mega Sousa, explicou ao Observador.<\/p>\n<p>O Instituto Portugu\u00eas do Mar e da Atmosfera (IPMA) prev\u00ea para sexta-feira e s\u00e1bado um agravamento do estado do tempo em Portugal continental com chuva, por vezes forte e persistente, em especial nas regi\u00f5es do norte e centro, vento e agita\u00e7\u00e3o mar\u00edtima.<\/p>\n<p>A previs\u00e3o de chuva forte levou o IPMA colocar sob aviso vermelho os distritos de Viseu, Aveiro e Coimbra entre as 6h00 e as 12h00 de sexta-feira, passando depois a laranja entre as 12h00 de esta sexta-feira e as 00h00 de s\u00e1bado e depois a amarelo at\u00e9 \u00e0s 12h00 de s\u00e1bado.<\/p>\n<p>Sob aviso laranja por causa da chuva est\u00e3o tamb\u00e9m esta sexta-feira os distritos de Bragan\u00e7a, Porto, Guarda, Vila Real, Viana do Castelo, Leiria e Braga, passando depois a amarelo at\u00e9 \u00e0s 15h00 de s\u00e1bado.<\/p>\n<p>O IPMA colocou ainda Set\u00fabal, Santar\u00e9m, Lisboa, Castelo Branco, Portalegre sob aviso amarelo sexta-feira e no s\u00e1bado.<\/p>\n<p>O aviso vermelho \u00e9 emitido pelo IPMA nos casos de situa\u00e7\u00e3o meteorol\u00f3gica de risco extremo. J\u00e1 o aviso laranja indica uma situa\u00e7\u00e3o meteorol\u00f3gica de risco moderado a elevado e o amarelo risco para determinadas atividades dependentes da situa\u00e7\u00e3o meteorol\u00f3gica.<\/p>\n<p>Por causa do mau tempo, a ANEPC emitiu na quinta-feira um aviso \u00e0 popula\u00e7\u00e3o para comportamentos preventivos devido \u00e0 previs\u00e3o de chuva forte, vento e possibilidade de cheias ou inunda\u00e7\u00f5es nos pr\u00f3ximos dias.<\/p>\n<p>Fonte da ANEPC disse \u00e0 ag\u00eancia Lusa que o n\u00edvel de prontid\u00e3o foi elevado para 3, o que significa uma maior capacidade de resposta dos operacionais.<\/p>\n<p>A Prote\u00e7\u00e3o Civil advertiu que podem ocorrer varia\u00e7\u00f5es significativas nos caudais de zonas historicamente mais vulner\u00e1veis.<\/p>\n<p>O agravamento das condi\u00e7\u00f5es meteorol\u00f3gicas est\u00e1 associado \u00e0 previs\u00e3o de inunda\u00e7\u00f5es em zonas urbanas, cheias e contamina\u00e7\u00e3o de fontes de \u00e1gua pot\u00e1vel por inertes resultantes dos inc\u00eandios rurais.<\/p>\n<p>A Prote\u00e7\u00e3o Civil alertou para a necessidade de garantir a desobstru\u00e7\u00e3o dos sistemas de escoamento das \u00e1guas pluviais e a adequada fixa\u00e7\u00e3o de estruturas soltas, nomeadamente andaimes, placas e outros materiais suspensos.<\/p>\n<p>Tamb\u00e9m a Pol\u00edcia de Seguran\u00e7a P\u00fablica (PSP) alertou na quinta-feira os condutores para o mau tempo previsto para os pr\u00f3ximos dias, que aumenta o risco de acidentes rodovi\u00e1rios.<\/p>\n","protected":false},"excerpt":{"rendered":"A Autoridade Nacional de Emerg\u00eancia e Prote\u00e7\u00e3o Civil (ANEPC) registou entre as 00h00 e as 7h00 de esta&hellip;\n","protected":false},"author":2,"featured_media":133938,"comment_status":"","ping_status":"","sticky":false,"template":"","format":"standard","meta":{"footnotes":""},"categories":[10],"tags":[964,27,28,442,1431,15,16,14,29525,25,26,21,22,606,1009,12,13,19,20,57,32,23,24,1432,33,58,17,18,29,30,31],"class_list":{"0":"post-133937","1":"post","2":"type-post","3":"status-publish","4":"format-standard","5":"has-post-thumbnail","7":"category-portugal","8":"tag-ambiente","9":"tag-breaking-news","10":"tag-breakingnews","11":"tag-ciu00eancia","12":"tag-desastres-naturais","13":"tag-featured-news","14":"tag-featurednews","15":"tag-headlines","16":"tag-inundau00e7u00f5es","17":"tag-latest-news","18":"tag-latestnews","19":"tag-main-news","20":"tag-mainnews","21":"tag-meteorologia","22":"tag-natureza","23":"tag-news","24":"tag-noticias","25":"tag-noticias-principais","26":"tag-noticiasprincipais","27":"tag-pau00eds","28":"tag-portugal","29":"tag-principais-noticias","30":"tag-principaisnoticias","31":"tag-proteu00e7u00e3o-civil","32":"tag-pt","33":"tag-sociedade","34":"tag-top-stories","35":"tag-topstories","36":"tag-ultimas","37":"tag-ultimas-noticias","38":"tag-ultimasnoticias"},"share_on_mastodon":{"url":"","error":"Validation failed: Text character limit of 500 exceeded"},"_links":{"self":[{"href":"https:\/\/www.europesays.com\/pt\/wp-json\/wp\/v2\/posts\/133937","targetHints":{"allow":["GET"]}}],"collection":[{"href":"https:\/\/www.europesays.com\/pt\/wp-json\/wp\/v2\/posts"}],"about":[{"href":"https:\/\/www.europesays.com\/pt\/wp-json\/wp\/v2\/types\/post"}],"author":[{"embeddable":true,"href":"https:\/\/www.europesays.com\/pt\/wp-json\/wp\/v2\/users\/2"}],"replies":[{"embeddable":true,"href":"https:\/\/www.europesays.com\/pt\/wp-json\/wp\/v2\/comments?post=133937"}],"version-history":[{"count":0,"href":"https:\/\/www.europesays.com\/pt\/wp-json\/wp\/v2\/posts\/133937\/revisions"}],"wp:featuredmedia":[{"embeddable":true,"href":"https:\/\/www.europesays.com\/pt\/wp-json\/wp\/v2\/media\/133938"}],"wp:attachment":[{"href":"https:\/\/www.europesays.com\/pt\/wp-json\/wp\/v2\/media?parent=133937"}],"wp:term":[{"taxonomy":"category","embeddable":true,"href":"https:\/\/www.europesays.com\/pt\/wp-json\/wp\/v2\/categories?post=133937"},{"taxonomy":"post_tag","embeddable":true,"href":"https:\/\/www.europesays.com\/pt\/wp-json\/wp\/v2\/tags?post=133937"}],"curies":[{"name":"wp","href":"https:\/\/api.w.org\/{rel}","templated":true}]}}