{"id":133939,"date":"2025-10-31T12:33:02","date_gmt":"2025-10-31T12:33:02","guid":{"rendered":"https:\/\/www.europesays.com\/pt\/133939\/"},"modified":"2025-10-31T12:33:02","modified_gmt":"2025-10-31T12:33:02","slug":"sei-qual-e-a-diferenca-entre-um-clube-grande-e-um-gigante-o-benfica-e-um-clube-gigante-maisfutebol","status":"publish","type":"post","link":"https:\/\/www.europesays.com\/pt\/133939\/","title":{"rendered":"\u00abSei qual \u00e9 a diferen\u00e7a entre um clube grande e um gigante. O Benfica \u00e9 um clube gigante\u00bb &#8211; Maisfutebol"},"content":{"rendered":"<ol>\n<li><a href=\"https:\/\/news.google.com\/rss\/articles\/CBMi3gFBVV95cUxPT1NKRXFjWTl6NU5HLUxuQnZMZGlkTnZOYzJRTkp1bzNsZTFMUDVBamJldlJrSFRoRHcySVlHT3I0d0l1cHVSVXlCcnVMc1B1TmVTY2RKS2M2SW50aU9CRmxwLWt3UW8za05QbThsVVAzT2NXSDh2czAtcV9UakZBQXp2NmtRMDhCaW9aRzRna3U3ci15Qkp1d3U5SUpqYjlaMXZLcU5XeThwOUNBUFZLM3BuQlJUams3VGxkbWZTc3ZJYmVGbWNqVW00dkVTMVpVcENfdFY1UUduQ1AyVVE?oc=5\" target=\"_blank\" rel=\"nofollow noopener\">\u00abSei qual \u00e9 a diferen\u00e7a entre um clube grande e um gigante. O Benfica \u00e9 um clube gigante\u00bb<\/a>&nbsp;&nbsp;Maisfutebol<\/li>\n<li><a href=\"https:\/\/news.google.com\/rss\/articles\/CBMivAFBVV95cUxPM1dOMEZscnJWUEVmT2NGajNZbjdtY3d0dV9sY1BvTzh3bTJKVzY3RFJhT3dMejZid01ZZVlOZW92TnRXUjhNYm1rRnd0eDhKMUItQ2VYV3dnTGFMN21oX2tzZG1Eb2duUDYwd1J4UjhJMnY4SnBqTjROZHdMcXE0V0NrYWFvWFh6S0NaWFladDRjdWIwSjJqVUZFeGRuS2ltZ2phYnMyQW8wT25pSnI3aE16MGdVczl5YWo4NQ?oc=5\" target=\"_blank\" rel=\"nofollow noopener\">Benfica x Tondela na Ta\u00e7a da Liga: onde assistir ao vivo, hor\u00e1rio e escala\u00e7\u00e3o<\/a>&nbsp;&nbsp;Estad\u00e3o<\/li>\n<li><a href=\"https:\/\/news.google.com\/rss\/articles\/CBMijwJBVV95cUxPVjQ3Z2pZUzdVb1pNZkg0VXR5WmE1MTJfY253MlVrcWJHMFcwTzJ2Q2dFN2ZJMnIzZFBwcnBGUm1sUmk2T1cyTGZLWTRDazQ2WmpoZmJtSTNlaXZfUDEwWWxwSC1HRkNhWW10WDduS0N5VlFjZnNTQmpONHlTWGN2elMzYWtoa3JTNTRhRjVjNDJ4a0RqNG41cTl2elplVUN4ci1VZUhmU25lTFlXRF9nRDVBOGFDWklaOGtuUEhjU1FnUUgwWUFzUjZ6SUd3YVFFZUllSmpNQzVXZ25HWklSb2Vua2c2M0hpV1Z4RTZrWlhQMUJJT0JwVnJMdnVibk5YcEMycGpkb3Byc1lLU2pN?oc=5\" target=\"_blank\" rel=\"nofollow noopener\">Benfica derrota Tondela e garante vaga na final four da Ta\u00e7a da Liga de Portugal<\/a>&nbsp;&nbsp;Terra<\/li>\n<li><a href=\"https:\/\/news.google.com\/rss\/articles\/CBMilwFBVV95cUxQWmFPcFRmWUFGTEZnOTc1VGowV3ZDX1JDekxoV2JjajRlXzZSaFI0VE8xSHlycVZzcFBmMFh2Ty1zUlpORzJCRmhkSk5RSEpZWmlLVDlhNE5oaWhobUZ4OThuN2RaTUVJRXQxYWdFam9tbmVGRWdRZ3I2MXN3TFBTMzh1TExmU1BGa3Q0UzA1YVl3WHpMc2F3?oc=5\" target=\"_blank\" rel=\"nofollow noopener\">12h30m Edi\u00e7\u00e3o de Jos\u00e9 Pedro Pinto<\/a>&nbsp;&nbsp;RTP<\/li>\n<li><a href=\"https:\/\/news.google.com\/rss\/articles\/CBMipgFBVV95cUxPRHZIeG5UaEVfQlU4SmR0cGphX0tZWVRSMmo1UHNaa0g2RTBVSDNJSFdPcHA5dG16enk3MnFXVjVYSE5HbnphWnlOODVoMEt3RGFYTnRURm5rRXloRUc1VGh5a2dLSHNGM01VNzVTNUNkYkhja3ZZOXdwQjFxY2JpdElhdjZ5VjM0NklEUmFldVZFYS1WUFJkcC1hWGRFRlpaaXhqX2Nn?oc=5\" target=\"_blank\" rel=\"nofollow noopener\">Mourinho manda recado: \u00abN\u00e3o gosto de brincar ao futebol\u00bb<\/a>&nbsp;&nbsp;A Bola<\/li>\n<\/ol>\n","protected":false},"excerpt":{"rendered":"\u00abSei qual \u00e9 a diferen\u00e7a entre um clube grande e um gigante. O Benfica \u00e9 um clube gigante\u00bb&nbsp;&nbsp;Maisfutebol&hellip;\n","protected":false},"author":2,"featured_media":133940,"comment_status":"","ping_status":"","sticky":false,"template":"","format":"standard","meta":{"footnotes":""},"categories":[8],"tags":[51,27,28,15,16,14,1385,25,26,21,22,46,12,13,19,20,32,23,24,33,47,17,18,29,30,31],"class_list":{"0":"post-133939","1":"post","2":"type-post","3":"status-publish","4":"format-standard","5":"has-post-thumbnail","7":"category-principais-noticias","8":"tag-benfica","9":"tag-breaking-news","10":"tag-breakingnews","11":"tag-featured-news","12":"tag-featurednews","13":"tag-headlines","14":"tag-jose-mourinho","15":"tag-latest-news","16":"tag-latestnews","17":"tag-main-news","18":"tag-mainnews","19":"tag-maisfutebol","20":"tag-news","21":"tag-noticias","22":"tag-noticias-principais","23":"tag-noticiasprincipais","24":"tag-portugal","25":"tag-principais-noticias","26":"tag-principaisnoticias","27":"tag-pt","28":"tag-pura-paixao","29":"tag-top-stories","30":"tag-topstories","31":"tag-ultimas","32":"tag-ultimas-noticias","33":"tag-ultimasnoticias"},"share_on_mastodon":{"url":"https:\/\/pubeurope.com\/@pt\/115468802885773571","error":""},"_links":{"self":[{"href":"https:\/\/www.europesays.com\/pt\/wp-json\/wp\/v2\/posts\/133939","targetHints":{"allow":["GET"]}}],"collection":[{"href":"https:\/\/www.europesays.com\/pt\/wp-json\/wp\/v2\/posts"}],"about":[{"href":"https:\/\/www.europesays.com\/pt\/wp-json\/wp\/v2\/types\/post"}],"author":[{"embeddable":true,"href":"https:\/\/www.europesays.com\/pt\/wp-json\/wp\/v2\/users\/2"}],"replies":[{"embeddable":true,"href":"https:\/\/www.europesays.com\/pt\/wp-json\/wp\/v2\/comments?post=133939"}],"version-history":[{"count":0,"href":"https:\/\/www.europesays.com\/pt\/wp-json\/wp\/v2\/posts\/133939\/revisions"}],"wp:featuredmedia":[{"embeddable":true,"href":"https:\/\/www.europesays.com\/pt\/wp-json\/wp\/v2\/media\/133940"}],"wp:attachment":[{"href":"https:\/\/www.europesays.com\/pt\/wp-json\/wp\/v2\/media?parent=133939"}],"wp:term":[{"taxonomy":"category","embeddable":true,"href":"https:\/\/www.europesays.com\/pt\/wp-json\/wp\/v2\/categories?post=133939"},{"taxonomy":"post_tag","embeddable":true,"href":"https:\/\/www.europesays.com\/pt\/wp-json\/wp\/v2\/tags?post=133939"}],"curies":[{"name":"wp","href":"https:\/\/api.w.org\/{rel}","templated":true}]}}