{"id":133958,"date":"2025-10-31T12:46:07","date_gmt":"2025-10-31T12:46:07","guid":{"rendered":"https:\/\/www.europesays.com\/pt\/133958\/"},"modified":"2025-10-31T12:46:07","modified_gmt":"2025-10-31T12:46:07","slug":"gravida-de-38-semanas-morre-no-hospital-amadora-sintra-observador","status":"publish","type":"post","link":"https:\/\/www.europesays.com\/pt\/133958\/","title":{"rendered":"Gr\u00e1vida de 38 semanas morre no hospital Amadora-Sintra \u2013 Observador"},"content":{"rendered":"<p>Uma gr\u00e1vida de 38 semanas morreu na madrugada desta sexta-feira no hospital Amadora-Sintra. A mulher, de 36 anos e de nacionalidade guineense, tinha ido a uma consulta naquela unidade hospitalar na tarde de quarta-feira, na qual foi detetado um epis\u00f3dio de hipertens\u00e3o. Ainda assim, foi enviada para casa. A morte da gr\u00e1vida foi avan\u00e7ada pela <a href=\"https:\/\/cnnportugal.iol.pt\/hospital-amadora-sintra\/morte\/mulher-gravida-de-38-semanas-morre-depois-de-ir-ao-hospital-e-ser-mandada-para-casa\/21011231\/69048eedd34e3caad84abeea\" rel=\"nofollow noopener\" target=\"_blank\">CNN Portugal<\/a> e confirmada pelo Observador junto de fonte hospitalar.<\/p>\n<p>Esta sexta-feira de madrugada, a gr\u00e1vida, de 36 anos, deu entrada no hospital em paragem cardiorrespirat\u00f3ria. O \u00f3bito acabou por ser declarado no hospital. O beb\u00e9 nasceu mas <strong>encontra-se em estado cr\u00edtico<\/strong> nos cuidados intensivos neonatais do Hospital Amadora-Sintra.<\/p>\n<p>Entretanto, em comunicado, a Unidade Local de Sa\u00fade (ULS) Amadora-Sintra anunciou a <strong>abertura de um inqu\u00e9rito interno<\/strong> ao caso \u201cpara apurar todas as circunst\u00e2ncias associadas ao ocorrido\u201d. A unidade hospitalar informa que \u201cno dia 31 de outubro de 2025, cerca das 01h50, deu entrada no Servi\u00e7o de Urg\u00eancia de Obstetr\u00edcia desta ULS uma utente gr\u00e1vida de 38 semanas, natural da Guin\u00e9-Bissau, transportada por uma equipa do INEM, em situa\u00e7\u00e3o de paragem cardiorrespirat\u00f3ria\u201d.<\/p>\n<p>Ap\u00f3s ter dado entrada, o hospital indica que \u201cfoi realizada de imediato uma <strong>cesariana de emerg\u00eancia<\/strong>, tendo o beb\u00e9 nascido \u00e0s 01h56, encontra-se neste momento sob vigil\u00e2ncia m\u00e9dica, com progn\u00f3stico muito reservado\u201d.<\/p>\n<p>Quando a gr\u00e1vida foi ao hospital para uma consulta de seguimento de Obstetr\u00edcia, na quarta-feira, e depois de ter sido detetado o epis\u00f3dio de hipertens\u00e3o ligeira, ficou agendada nova consulta \u00e0s 39 semanas, de prepara\u00e7\u00e3o para o parto. Sobre esta quest\u00e3o, o hospital Amadora-Sintra esclarece que \u201cde acordo com o protocolo cl\u00ednico, a utente foi ent\u00e3o referenciada internamente para a Urg\u00eancia de Obstetr\u00edcia, onde, ap\u00f3s a realiza\u00e7\u00e3o de v\u00e1rios exames complementares de diagn\u00f3stico, teve alta com indica\u00e7\u00e3o para internamento \u00e0s 39 semanas de gesta\u00e7\u00e3o\u201d. O hospital garante, na quarta-feira, a utente \u201cdirigiu-se assintom\u00e1tica\u201d a uma consulta de rotina, \u201cdurante a qual foi identificada com <strong>hipertens\u00e3o ligeira<\/strong>\u201c.<\/p>\n<p>Segundo o Observador apurou, a mulher guineense tinha-se deslocado para Portugal em setembro com o prop\u00f3sito de dar \u00e0 luz no Hospital Amadora-Sintra. O primeiro contacto que teve com o hospital aconteceu ainda no final de setembro, quando foi vista pela primeira vez na consulta de Obstetr\u00edcia.<\/p>\n<p>A ULS Amadora\/Sintra \u201clamenta profundamente o falecimento da utente e endere\u00e7a sentidas condol\u00eancias \u00e0 fam\u00edlia\u201d.<\/p>\n<p>A morte da mulher gr\u00e1vida deu-se horas antes da audi\u00e7\u00e3o da ministra da Sa\u00fade, Ana Paula Martins, no Parlamento. Esta sexta-feira, ser\u00e1 ouvida pelos deputados no \u00e2mbito da discuss\u00e3o do Or\u00e7amento do Estado para 2026.<\/p>\n","protected":false},"excerpt":{"rendered":"Uma gr\u00e1vida de 38 semanas morreu na madrugada desta sexta-feira no hospital Amadora-Sintra. A mulher, de 36 anos&hellip;\n","protected":false},"author":2,"featured_media":133959,"comment_status":"","ping_status":"","sticky":false,"template":"","format":"standard","meta":{"footnotes":""},"categories":[10],"tags":[4249,27,28,15,16,14,2648,30264,25,26,21,22,12,13,19,20,57,32,23,24,33,2946,1209,58,17,18,29,30,31],"class_list":{"0":"post-133958","1":"post","2":"type-post","3":"status-publish","4":"format-standard","5":"has-post-thumbnail","7":"category-portugal","8":"tag-amadora","9":"tag-breaking-news","10":"tag-breakingnews","11":"tag-featured-news","12":"tag-featurednews","13":"tag-headlines","14":"tag-hospitais","15":"tag-hospital-amadora-sintra","16":"tag-latest-news","17":"tag-latestnews","18":"tag-main-news","19":"tag-mainnews","20":"tag-news","21":"tag-noticias","22":"tag-noticias-principais","23":"tag-noticiasprincipais","24":"tag-pau00eds","25":"tag-portugal","26":"tag-principais-noticias","27":"tag-principaisnoticias","28":"tag-pt","29":"tag-sau00fade","30":"tag-serviu00e7o-nacional-de-sau00fade","31":"tag-sociedade","32":"tag-top-stories","33":"tag-topstories","34":"tag-ultimas","35":"tag-ultimas-noticias","36":"tag-ultimasnoticias"},"share_on_mastodon":{"url":"https:\/\/pubeurope.com\/@pt\/115468853896133613","error":""},"_links":{"self":[{"href":"https:\/\/www.europesays.com\/pt\/wp-json\/wp\/v2\/posts\/133958","targetHints":{"allow":["GET"]}}],"collection":[{"href":"https:\/\/www.europesays.com\/pt\/wp-json\/wp\/v2\/posts"}],"about":[{"href":"https:\/\/www.europesays.com\/pt\/wp-json\/wp\/v2\/types\/post"}],"author":[{"embeddable":true,"href":"https:\/\/www.europesays.com\/pt\/wp-json\/wp\/v2\/users\/2"}],"replies":[{"embeddable":true,"href":"https:\/\/www.europesays.com\/pt\/wp-json\/wp\/v2\/comments?post=133958"}],"version-history":[{"count":0,"href":"https:\/\/www.europesays.com\/pt\/wp-json\/wp\/v2\/posts\/133958\/revisions"}],"wp:featuredmedia":[{"embeddable":true,"href":"https:\/\/www.europesays.com\/pt\/wp-json\/wp\/v2\/media\/133959"}],"wp:attachment":[{"href":"https:\/\/www.europesays.com\/pt\/wp-json\/wp\/v2\/media?parent=133958"}],"wp:term":[{"taxonomy":"category","embeddable":true,"href":"https:\/\/www.europesays.com\/pt\/wp-json\/wp\/v2\/categories?post=133958"},{"taxonomy":"post_tag","embeddable":true,"href":"https:\/\/www.europesays.com\/pt\/wp-json\/wp\/v2\/tags?post=133958"}],"curies":[{"name":"wp","href":"https:\/\/api.w.org\/{rel}","templated":true}]}}