{"id":133964,"date":"2025-10-31T12:51:10","date_gmt":"2025-10-31T12:51:10","guid":{"rendered":"https:\/\/www.europesays.com\/pt\/133964\/"},"modified":"2025-10-31T12:51:10","modified_gmt":"2025-10-31T12:51:10","slug":"cada-vez-a-entendo-menos","status":"publish","type":"post","link":"https:\/\/www.europesays.com\/pt\/133964\/","title":{"rendered":"\u201cCada vez a entendo menos\u201d"},"content":{"rendered":"<p>No Secret Story, Bruno Savate deixa de apoiar Marisa: \u201cCada vez a entendo menos\u201d, assinalou nas redes sociais.<\/p>\n<p>Ex-concorrente critica jogadora da \u201cCasa dos Segredos 9\u201d<\/p>\n<p><strong>Bruno Savate<\/strong>, um dos nomes mais ic\u00f3nicos da hist\u00f3ria da <strong>\u201cCasa dos Segredos\u201d<\/strong> e vencedor do <strong>\u201cBig Brother \u2013 Desafio Final\u201d<\/strong>, voltou a pronunciar-se sobre a atual edi\u00e7\u00e3o do reality show da TVI. O ex-concorrente, que tem acompanhado de perto o desenrolar do jogo, <strong>decidiu retirar o seu apoio a Marisa<\/strong>, surpreendendo os f\u00e3s.<\/p>\n<p>At\u00e9 h\u00e1 poucos dias, Savate considerava <strong>Pedro Jorge, Leandro, Marisa Susana e Marisa<\/strong> os seus concorrentes favoritos. No entanto, o rumo do jogo e as atitudes recentes dentro da casa levaram-no a mudar de opini\u00e3o.<\/p>\n<p>\u201cCada vez a entendo menos\u201d<\/p>\n<p>Nas redes sociais, o nortenho <strong>partilhou uma mensagem direta<\/strong>, onde explicou a raz\u00e3o pela qual deixou de apoiar Marisa.<\/p>\n<p><strong>\u201cCada vez a entendo menos, a partir de hoje deixa de pertencer aos meus favoritos\u201d<\/strong>, escreveu Bruno Savate, sem esconder a desilus\u00e3o com a concorrente.<\/p>\n<p>De seguida, deixou uma cr\u00edtica ainda mais clara \u00e0 postura de Marisa dentro da casa. <strong>\u201cComo \u00e9 poss\u00edvel estar do lado do indefens\u00e1vel\u2026\u201d<\/strong>, lamentou, sugerindo que a concorrente tem tomado decis\u00f5es que, para ele, n\u00e3o fazem sentido.<\/p>\n<p>Marisa exclu\u00edda de mensagem a\u00e9rea<\/p>\n<p>Curiosamente, esta mudan\u00e7a de posi\u00e7\u00e3o de Bruno Savate surge na mesma altura em que <strong>Marisa foi exclu\u00edda do avi\u00e3o de apoio enviado para o \u201cgangue dos frescos\u201d<\/strong>. A mensagem, dirigida a <strong>Pedro Jorge, Leandro e Marisa Susana<\/strong>, gerou surpresa e alimentou especula\u00e7\u00f5es sobre o <strong>afastamento de Marisa do grupo<\/strong>.<\/p>\n<p>Veja este momento <a href=\"https:\/\/x.com\/SavateBruno\/status\/1983619622743179751?ref_src=twsrc%5Etfw%7Ctwcamp%5Etweetembed%7Ctwterm%5E1983619622743179751%7Ctwgr%5E120a879e240c65bce96b38c6bbf0e493b3c6d6e0%7Ctwcon%5Es1_&amp;ref_url=https%3A%2F%2Fwww.hiper.fm%2Fbruno-savate-revela-desilusao-no-secret-story-9-cada-vez-a-entendo-menos%2F\" rel=\"nofollow\">AQUI<\/a>.<\/p>\n<p><a href=\"https:\/\/news.google.com\/publications\/CAAqBwgKMKfIoAswtNK4Aw\" target=\"_blank\" rel=\"noopener noreferrer nofollow\"><img loading=\"lazy\" data-lazyloaded=\"1\" width=\"481\" height=\"161\" decoding=\"async\" src=\"\/wp-content\/uploads\/2024\/02\/GN_siganos.png\" alt=\"Siga-nos no Google News\" style=\"margin-top:20px;\"\/><\/a><\/p>\n","protected":false},"excerpt":{"rendered":"No Secret Story, Bruno Savate deixa de apoiar Marisa: \u201cCada vez a entendo menos\u201d, assinalou nas redes sociais.&hellip;\n","protected":false},"author":2,"featured_media":133965,"comment_status":"","ping_status":"","sticky":false,"template":"","format":"standard","meta":{"footnotes":""},"categories":[142],"tags":[1253,2632,114,115,32,33,151],"class_list":{"0":"post-133964","1":"post","2":"type-post","3":"status-publish","4":"format-standard","5":"has-post-thumbnail","7":"category-tv","8":"tag-bruno-savate","9":"tag-casa-dos-segredos","10":"tag-entertainment","11":"tag-entretenimento","12":"tag-portugal","13":"tag-pt","14":"tag-tv"},"share_on_mastodon":{"url":"https:\/\/pubeurope.com\/@pt\/115468873624345574","error":""},"_links":{"self":[{"href":"https:\/\/www.europesays.com\/pt\/wp-json\/wp\/v2\/posts\/133964","targetHints":{"allow":["GET"]}}],"collection":[{"href":"https:\/\/www.europesays.com\/pt\/wp-json\/wp\/v2\/posts"}],"about":[{"href":"https:\/\/www.europesays.com\/pt\/wp-json\/wp\/v2\/types\/post"}],"author":[{"embeddable":true,"href":"https:\/\/www.europesays.com\/pt\/wp-json\/wp\/v2\/users\/2"}],"replies":[{"embeddable":true,"href":"https:\/\/www.europesays.com\/pt\/wp-json\/wp\/v2\/comments?post=133964"}],"version-history":[{"count":0,"href":"https:\/\/www.europesays.com\/pt\/wp-json\/wp\/v2\/posts\/133964\/revisions"}],"wp:featuredmedia":[{"embeddable":true,"href":"https:\/\/www.europesays.com\/pt\/wp-json\/wp\/v2\/media\/133965"}],"wp:attachment":[{"href":"https:\/\/www.europesays.com\/pt\/wp-json\/wp\/v2\/media?parent=133964"}],"wp:term":[{"taxonomy":"category","embeddable":true,"href":"https:\/\/www.europesays.com\/pt\/wp-json\/wp\/v2\/categories?post=133964"},{"taxonomy":"post_tag","embeddable":true,"href":"https:\/\/www.europesays.com\/pt\/wp-json\/wp\/v2\/tags?post=133964"}],"curies":[{"name":"wp","href":"https:\/\/api.w.org\/{rel}","templated":true}]}}