{"id":133970,"date":"2025-10-31T12:54:08","date_gmt":"2025-10-31T12:54:08","guid":{"rendered":"https:\/\/www.europesays.com\/pt\/133970\/"},"modified":"2025-10-31T12:54:08","modified_gmt":"2025-10-31T12:54:08","slug":"leila-pereira-interrompe-conferencia-de-abel-ferreira-nao-aguentei-2","status":"publish","type":"post","link":"https:\/\/www.europesays.com\/pt\/133970\/","title":{"rendered":"Leila Pereira interrompe confer\u00eancia de Abel Ferreira: \u00abN\u00e3o aguentei&#8230;\u00bb"},"content":{"rendered":"<p>\t                Presidente do Palmeiras desfez-se em elogios ao treinador portugu\u00eas ap\u00f3s a passagem \u00e0 final da Libertadores<\/p>\n<p>Naquela que ser\u00e1 uma noite inesquec\u00edvel para os adeptos do Palmeiras, <a href=\"https:\/\/maisfutebol.iol.pt\/libertadores\/abel-ferreira\/incrivel-palmeiras-de-abel-recupera-desvantagem-de-tres-e-esta-na-final-da-libertadores\" target=\"_blank\" rel=\"nofollow noopener\">que recuperaram de uma desvantagem de tr\u00eas golos e garantiram a passagem \u00e0 final da Libertadores<\/a>, a presidente do clube, Leila Pereira, protagonizou um momento in\u00e9dito na confer\u00eancia de Abel Ferreira.<\/p>\n<p>Quando falava aos jornalistas, ap\u00f3s a vit\u00f3ria \u00e9pica por 4-0, o treinador portugu\u00eas foi interrompido pela pr\u00f3pria presente, que entrou na sala e desfez-se em elogios.<\/p>\n<p>\u00abParab\u00e9ns, Abel. Este homem sabe o que faz e sabe o que diz. Antes do jogo disse-me \u201cLeila, hoje ser\u00e1 uma noite hist\u00f3rica, m\u00e1gica\u201d. E realmente foi! Obrigada, Abel\u00bb, come\u00e7ou por dizer.<\/p>\n<p>\u00ab\u00c9 o maior t\u00e9cnico da hist\u00f3ria do Palmeiras. Sem d\u00favida alguma, ele sabe disso e que sempre o apoiei nos momentos positivos e nos momentos dif\u00edceis. Obrigado, Abel. Realmente tinha raz\u00e3o, foi uma noite m\u00e1gica. Desculpem, n\u00e3o aguentei e tive de entrar aqui\u00bb, acrescentou claramente emocionada.<\/p>\n<p>De recordar que o Palmeiras perdeu a primeira m\u00e3o da meia-final por 3-0, no Equador. Por\u00e9m, na madrugada desta sexta-feira, a equipa brasileiro operou uma reviravolta frente \u00e0 LDU Quito e venceu por 4-0, carimbando a passagem \u00e0 final da Libertadores, frente ao Flamengo.<\/p>\n","protected":false},"excerpt":{"rendered":"Presidente do Palmeiras desfez-se em elogios ao treinador portugu\u00eas ap\u00f3s a passagem \u00e0 final da Libertadores Naquela que&hellip;\n","protected":false},"author":2,"featured_media":133971,"comment_status":"","ping_status":"","sticky":false,"template":"","format":"standard","meta":{"footnotes":""},"categories":[87],"tags":[3506,609,836,611,726,27,607,608,333,9062,832,604,135,610,476,301,830,82,603,30257,570,831,833,62,834,13,835,602,1621,52,32,33,134,29],"class_list":{"0":"post-133970","1":"post","2":"type-post","3":"status-publish","4":"format-standard","5":"has-post-thumbnail","7":"category-desporto","8":"tag-abel-ferreira","9":"tag-alerta","10":"tag-analise","11":"tag-ao-minuto","12":"tag-brasil","13":"tag-breaking-news","14":"tag-cnn","15":"tag-cnn-portugal","16":"tag-comentadores","17":"tag-conferencia-de-imprensa","18":"tag-costa","19":"tag-crime","20":"tag-desporto","21":"tag-direto","22":"tag-economia","23":"tag-governo","24":"tag-guerra","25":"tag-internacional","26":"tag-justica","27":"tag-leila-pereira","28":"tag-live","29":"tag-mais-vistas","30":"tag-marcelo","31":"tag-mundo","32":"tag-negocios","33":"tag-noticias","34":"tag-opiniao","35":"tag-pais","36":"tag-palmeiras","37":"tag-politica","38":"tag-portugal","39":"tag-pt","40":"tag-sports","41":"tag-ultimas"},"share_on_mastodon":{"url":"https:\/\/pubeurope.com\/@pt\/115468885278456358","error":""},"_links":{"self":[{"href":"https:\/\/www.europesays.com\/pt\/wp-json\/wp\/v2\/posts\/133970","targetHints":{"allow":["GET"]}}],"collection":[{"href":"https:\/\/www.europesays.com\/pt\/wp-json\/wp\/v2\/posts"}],"about":[{"href":"https:\/\/www.europesays.com\/pt\/wp-json\/wp\/v2\/types\/post"}],"author":[{"embeddable":true,"href":"https:\/\/www.europesays.com\/pt\/wp-json\/wp\/v2\/users\/2"}],"replies":[{"embeddable":true,"href":"https:\/\/www.europesays.com\/pt\/wp-json\/wp\/v2\/comments?post=133970"}],"version-history":[{"count":0,"href":"https:\/\/www.europesays.com\/pt\/wp-json\/wp\/v2\/posts\/133970\/revisions"}],"wp:featuredmedia":[{"embeddable":true,"href":"https:\/\/www.europesays.com\/pt\/wp-json\/wp\/v2\/media\/133971"}],"wp:attachment":[{"href":"https:\/\/www.europesays.com\/pt\/wp-json\/wp\/v2\/media?parent=133970"}],"wp:term":[{"taxonomy":"category","embeddable":true,"href":"https:\/\/www.europesays.com\/pt\/wp-json\/wp\/v2\/categories?post=133970"},{"taxonomy":"post_tag","embeddable":true,"href":"https:\/\/www.europesays.com\/pt\/wp-json\/wp\/v2\/tags?post=133970"}],"curies":[{"name":"wp","href":"https:\/\/api.w.org\/{rel}","templated":true}]}}