{"id":133978,"date":"2025-10-31T12:59:08","date_gmt":"2025-10-31T12:59:08","guid":{"rendered":"https:\/\/www.europesays.com\/pt\/133978\/"},"modified":"2025-10-31T12:59:08","modified_gmt":"2025-10-31T12:59:08","slug":"adocoes-de-gatos-pretos-suspensas-no-mes-do-halloween","status":"publish","type":"post","link":"https:\/\/www.europesays.com\/pt\/133978\/","title":{"rendered":"Ado\u00e7\u00f5es de gatos pretos suspensas no m\u00eas do Halloween"},"content":{"rendered":"<p data-remotead-prev-elm=\"true\" data-remotead-elm-id=\"inread\">A aproxima\u00e7\u00e3o daquele que \u00e9, na tradi\u00e7\u00e3o pag\u00e3, conhecido como Dia das Bruxas ou Halloween, celebrado hoje, 31 de outubro, em v\u00e9spera do crist\u00e3o Dia de Todos-os-Santos, leva a que v\u00e1rias associa\u00e7\u00f5es de prote\u00e7\u00e3o animal no pa\u00eds acionem os alarmes e tomem medidas preventivas para evitar que alguns animais mais cobi\u00e7ados sejam adotados, neste per\u00edodo, para utiliza\u00e7\u00e3o em pr\u00e1ticas ritualistas abusivas. \u00c9 o caso dos gatos pretos, que s\u00e3o por vezes violentados ou at\u00e9 sacrificados em nome de um qualquer des\u00edgnio espiritual. Se algumas associa\u00e7\u00f5es suspendem as ado\u00e7\u00f5es destes animais durante o m\u00eas de outubro, outras h\u00e1 que apertam a vigil\u00e2ncia durante todo o ano porque o pedido concreto por um gato preto &#8220;\u00e9 sempre de desconfiar&#8221;, e os ritos sacrificiais atravessam todas as esta\u00e7\u00f5es.<\/p>\n","protected":false},"excerpt":{"rendered":"A aproxima\u00e7\u00e3o daquele que \u00e9, na tradi\u00e7\u00e3o pag\u00e3, conhecido como Dia das Bruxas ou Halloween, celebrado hoje, 31&hellip;\n","protected":false},"author":2,"featured_media":133979,"comment_status":"","ping_status":"","sticky":false,"template":"","format":"standard","meta":{"footnotes":""},"categories":[50],"tags":[27,28,26000,15,16,11948,13359,14,25,26,21,22,62,619,12,13,19,20,23,24,17,18,29,30,31,63,64,65],"class_list":{"0":"post-133978","1":"post","2":"type-post","3":"status-publish","4":"format-standard","5":"has-post-thumbnail","7":"category-mundo","8":"tag-breaking-news","9":"tag-breakingnews","10":"tag-dia-das-bruxas","11":"tag-featured-news","12":"tag-featurednews","13":"tag-gatos","14":"tag-halloween","15":"tag-headlines","16":"tag-latest-news","17":"tag-latestnews","18":"tag-main-news","19":"tag-mainnews","20":"tag-mundo","21":"tag-nacional","22":"tag-news","23":"tag-noticias","24":"tag-noticias-principais","25":"tag-noticiasprincipais","26":"tag-principais-noticias","27":"tag-principaisnoticias","28":"tag-top-stories","29":"tag-topstories","30":"tag-ultimas","31":"tag-ultimas-noticias","32":"tag-ultimasnoticias","33":"tag-world","34":"tag-world-news","35":"tag-worldnews"},"share_on_mastodon":{"url":"https:\/\/pubeurope.com\/@pt\/115468904930267826","error":""},"_links":{"self":[{"href":"https:\/\/www.europesays.com\/pt\/wp-json\/wp\/v2\/posts\/133978","targetHints":{"allow":["GET"]}}],"collection":[{"href":"https:\/\/www.europesays.com\/pt\/wp-json\/wp\/v2\/posts"}],"about":[{"href":"https:\/\/www.europesays.com\/pt\/wp-json\/wp\/v2\/types\/post"}],"author":[{"embeddable":true,"href":"https:\/\/www.europesays.com\/pt\/wp-json\/wp\/v2\/users\/2"}],"replies":[{"embeddable":true,"href":"https:\/\/www.europesays.com\/pt\/wp-json\/wp\/v2\/comments?post=133978"}],"version-history":[{"count":0,"href":"https:\/\/www.europesays.com\/pt\/wp-json\/wp\/v2\/posts\/133978\/revisions"}],"wp:featuredmedia":[{"embeddable":true,"href":"https:\/\/www.europesays.com\/pt\/wp-json\/wp\/v2\/media\/133979"}],"wp:attachment":[{"href":"https:\/\/www.europesays.com\/pt\/wp-json\/wp\/v2\/media?parent=133978"}],"wp:term":[{"taxonomy":"category","embeddable":true,"href":"https:\/\/www.europesays.com\/pt\/wp-json\/wp\/v2\/categories?post=133978"},{"taxonomy":"post_tag","embeddable":true,"href":"https:\/\/www.europesays.com\/pt\/wp-json\/wp\/v2\/tags?post=133978"}],"curies":[{"name":"wp","href":"https:\/\/api.w.org\/{rel}","templated":true}]}}