{"id":133988,"date":"2025-10-31T13:06:16","date_gmt":"2025-10-31T13:06:16","guid":{"rendered":"https:\/\/www.europesays.com\/pt\/133988\/"},"modified":"2025-10-31T13:06:16","modified_gmt":"2025-10-31T13:06:16","slug":"quais-integrantes-do-nct-ainda-precisam-se-alistar-no-exercito","status":"publish","type":"post","link":"https:\/\/www.europesays.com\/pt\/133988\/","title":{"rendered":"Quais integrantes do NCT ainda precisam se alistar no ex\u00e9rcito?"},"content":{"rendered":"<p>Na manh\u00e3 desta quinta-feira, 30, os NCTzens foram surpreendidos com o an\u00fancio do alistamento militar de <strong>Doyoung<\/strong> e <strong>Jungwoo<\/strong>, membros do NCT. De acordo com a <a href=\"https:\/\/www.smentertainment.com\/\" target=\"_blank\" rel=\"noopener nofollow\">SM Entertainment<\/a>, empresa respons\u00e1vel pelo grupo, os idols se alistar\u00e3o juntos no dia 8 de dezembro.<\/p>\n<p>Contudo, apesar de se apresentarem \u00e0s <a href=\"https:\/\/pt.wikipedia.org\/wiki\/For%C3%A7as_Armadas_da_Coreia_do_Sul\" target=\"_blank\" rel=\"noopener nofollow\">For\u00e7as Armadas<\/a> sul-coreanas no mesmo dia, a dupla seguir\u00e1 carreiras distintas dentro do ex\u00e9rcito. Acontece que, ainda segundo a ag\u00eancia, <strong>Jungwoo<\/strong> ir\u00e1 servir na Banda do Ex\u00e9rcito, enquanto <strong>Doyoung<\/strong> ser\u00e1 um soldado da ativa.<\/p>\n<p>No mesmo comunicado, a SM ressaltou o recado de que n\u00e3o haver\u00e1 celebra\u00e7\u00e3o p\u00fablica especial para o alistamento dos dois, e refor\u00e7ou o pedido para que os f\u00e3s evitarem comparecer ao local, com o intuito de priorizar a seguran\u00e7a de todos, visto que, no mesmo dia, o local ser\u00e1 dividido com muitos outros recrutas e suas fam\u00edlias.<\/p>\n<p>Com isso, <strong>Doyoung<\/strong> e <strong>Jungwoo<\/strong> se tornar\u00e3o o terceiro e quarto membros do <a href=\"https:\/\/www.instagram.com\/nct\/\" target=\"_blank\" rel=\"noopener nofollow\">NCT<\/a> a cumprir o dever militar. Atualmente, dois membros do grupo j\u00e1 est\u00e3o realizando o servi\u00e7o obrigat\u00f3rio: o l\u00edder <strong>Taeyong<\/strong>, que est\u00e1 na Marinha e dever\u00e1 ser dispensado em 14 de dezembro de 2025; e <strong>Jaehyun<\/strong>, que serve na Banda do Ex\u00e9rcito e s\u00f3 finalizar\u00e1 suas obriga\u00e7\u00f5es em maio de 2026.<\/p>\n<p>\t Quais s\u00e3os os outros integrantes do NCT que devem se alistar? <\/p>\n<p>Vale lembrar que, ao todo, o NCT conta com 25 membros: <strong>Taeyong<\/strong>, <strong>Johnny<\/strong>, <strong>Yuta<\/strong>, <strong>Kun<\/strong>, <strong>Doyoung<\/strong>, <strong>Ten<\/strong>, <strong>Jaehyun<\/strong>, <strong>Winwin<\/strong>, <strong>Jungwoo<\/strong>, <strong>Mark<\/strong>, <strong>Xiaojun<\/strong>, <strong>Hendery<\/strong>, <strong>Renjun<\/strong>, <strong>Jeno<\/strong>, <strong>Haechan<\/strong>, <strong>Jaemin<\/strong>, <strong>Yangyang<\/strong>, <strong>Chenle<\/strong>, <strong>Jisung<\/strong>, <strong>Sion<\/strong>, <strong>Riku<\/strong>, <strong>Yushi<\/strong>, <strong>Jaehee<\/strong>, <strong>Ryo<\/strong> e <strong>Sakuya<\/strong>. No entanto, nem todos os integrantes s\u00e3o sul-coreanos e, com isso, muitos n\u00e3o precisar\u00e3o se <a href=\"https:\/\/recreio.com.br\/tags\/alistamento-militar\" target=\"_blank\" rel=\"noopener nofollow\">alistar no ex\u00e9rcito<\/a>.<\/p>\n<p>Dessa forma, os membros que nasceram na Coreia do Sul, e ainda precisam se alistar s\u00e3o: <strong>Haechan<\/strong>, <strong>Jaemin<\/strong>, <strong>Jisung<\/strong>, <strong>Jeno<\/strong>, <strong>Jaehee<\/strong> e <strong>Sion<\/strong>. Entenda a situa\u00e7\u00e3o de cada integrante do NCT que n\u00e3o est\u00e1 no ex\u00e9rcito!<\/p>\n<p> Johnny <img loading=\"lazy\" decoding=\"async\" class=\"size-full wp-image-41707 img-fluid lazy\" alt=\"\" width=\"1280\" height=\"720\" src=\"https:\/\/www.europesays.com\/pt\/wp-content\/uploads\/2025\/10\/johnny_nct_capa.jpg\"\/>Concept photo de Johnny, do NCT, para o \u00e1lbum \u2018Ay-Yo\u2019 \u2013 Divulga\u00e7\u00e3o\/SM Entertainment <\/p>\n<p><strong>Johnny<\/strong> nasceu em Chicago, Illinois, nos Estados Unidos e, por isso, n\u00e3o precisar\u00e1 servir ao ex\u00e9rcito sul-coreano.<\/p>\n<p>  Yuta <img loading=\"lazy\" decoding=\"async\" class=\"size-full wp-image-56538 img-fluid lazy\" alt=\"\" width=\"1280\" height=\"720\" src=\"https:\/\/www.europesays.com\/pt\/wp-content\/uploads\/2025\/10\/yuta-nct-walk-capa.jpg\"  \/>Concept photo de Yuta, do NCT, para o \u00e1lbum \u2018WALK\u2019 \u2013 Divulga\u00e7\u00e3o\/SM Entertainment <\/p>\n<p><strong>Nakamoto Yuta<\/strong> \u00e9 japon\u00eas, nascido em Osaka e, por ser estrangeiro, n\u00e3o precisar\u00e1 servir ao ex\u00e9rcito sul-coreano.<\/p>\n<p>\t  Kun <img loading=\"lazy\" decoding=\"async\" class=\"size-full wp-image-56546 img-fluid lazy\" alt=\"\" width=\"1280\" height=\"720\" src=\"https:\/\/www.europesays.com\/pt\/wp-content\/uploads\/2025\/10\/kun-nct-wayv-capa.jpg\"  \/>Concept photo de Kun para o \u00e1lbum \u2018BIG BANGS\u2019 do WayV \u2013 Divulga\u00e7\u00e3o\/SM Entertainment <\/p>\n<p><strong>Qian Kun<\/strong> nasceu em Fujian, na China, e n\u00e3o precisar\u00e1 se alistar no ex\u00e9rcito sul-coreano.<\/p>\n<p>  Ten <img loading=\"lazy\" decoding=\"async\" class=\"size-full wp-image-56544 img-fluid lazy\" alt=\"\" width=\"1280\" height=\"720\" src=\"https:\/\/www.europesays.com\/pt\/wp-content\/uploads\/2025\/10\/ten-nct-wayv-capa.jpg\"  \/>Concept photo de Ten para o \u00e1lbum \u2018BIG BANGS\u2019 do WayV \u2013 Divulga\u00e7\u00e3o\/SM Entertainment <\/p>\n<p><strong>Chittaphon Leechaiyapornkul<\/strong>, mais conhecido como <strong>Ten<\/strong>, nasceu em Bangkok, na Tail\u00e2ndia, e n\u00e3o precisar\u00e1 se alistar no ex\u00e9rcito sul-coreano. Al\u00e9m disso, em seu pa\u00eds, que tamb\u00e9m possui um sistema de alistamento obrigat\u00f3rio, ele tamb\u00e9m foi isento do servi\u00e7o em 2018 devido a uma les\u00e3o no joelho.<\/p>\n<p>  Winwin <img loading=\"lazy\" decoding=\"async\" class=\"size-full wp-image-21321 img-fluid lazy\" alt=\"\" width=\"1280\" height=\"720\" src=\"https:\/\/www.europesays.com\/pt\/wp-content\/uploads\/2025\/10\/winwin.jpg\"\/>Dong Shicheng, o Winwin \u2013 Divulga\u00e7\u00e3o\/SM Entertainment <\/p>\n<p>Nascido em Wenzhou, Zhejiang, na Rep\u00fablica Popular da China, <strong>Dong Si Cheng<\/strong>, o <strong>Winwin<\/strong>, n\u00e3o precisar\u00e1 se alistar no ex\u00e9rcito coreano.<\/p>\n<p>\t  Mark <img loading=\"lazy\" decoding=\"async\" class=\"size-full wp-image-39045 img-fluid lazy\" alt=\"Mark em concept photo de 'WALK', do NCT 127\" width=\"1280\" height=\"720\" src=\"https:\/\/www.europesays.com\/pt\/wp-content\/uploads\/2025\/10\/nct-mark_capa.jpg\"\/>Mark em concept photo de \u2018WALK\u2019, do NCT 127 \u2013 Divulga\u00e7\u00e3o\/SM Entertainment <\/p>\n<p>Apesar de possuir ascend\u00eancia coreana, <strong>Mark<\/strong> nasceu em Toronto, no Canad\u00e1, e possui cidadania canadense. Dessa forma, ele n\u00e3o precisar\u00e1 servir ao ex\u00e9rcito sul-coreano.<\/p>\n<p>  Xiaojun <img loading=\"lazy\" decoding=\"async\" class=\"size-full wp-image-56543 img-fluid lazy\" alt=\"\" width=\"1280\" height=\"720\" src=\"https:\/\/www.europesays.com\/pt\/wp-content\/uploads\/2025\/10\/xiaojun-nct-wayv-capa.jpg\"  \/>Concept photo de Xiaojun para o \u00e1lbum \u2018BIG BANGS\u2019 do WayV \u2013 Divulga\u00e7\u00e3o\/SM Entertainment <\/p>\n<p><strong>Xiao Dejun<\/strong>, o <strong>Xiaojun<\/strong>, nasceu em Guangdong, na China, e tamb\u00e9m n\u00e3o precisar\u00e1 servir ao ex\u00e9rcito da Coreia do Sul.<\/p>\n<p>  Hendery <img loading=\"lazy\" decoding=\"async\" class=\"size-full wp-image-56542 img-fluid lazy\" alt=\"\" width=\"1280\" height=\"720\" src=\"https:\/\/www.europesays.com\/pt\/wp-content\/uploads\/2025\/10\/hendery-nct-wayv-capa.jpg\"  \/>Concept photo de Hendery para o \u00e1lbum \u2018BIG BANGS\u2019 do WayV \u2013 Divulga\u00e7\u00e3o\/SM Entertainment <\/p>\n<p><strong>Wong Kunhang<\/strong>, o <strong>Hendery<\/strong>, veio ao mundo em 28 de setembro de 1999 em Macau, na China e, por isso, n\u00e3o servir\u00e1 ao ex\u00e9rcito sul-coreano.<\/p>\n<p>\t  Renjun <img loading=\"lazy\" decoding=\"async\" class=\"size-full wp-image-34702 img-fluid lazy\" alt=\"Renjun em concept photo para o \u00e1lbum &quot;Beatbox&quot;\" width=\"1280\" height=\"720\" src=\"https:\/\/www.europesays.com\/pt\/wp-content\/uploads\/2025\/10\/nct_dream_renjun_capa.jpg\"\/>Renjun em concept photo para o \u00e1lbum \u201cBeatbox\u201d \u2013 Divulga\u00e7\u00e3o\/SM Entertaiment <\/p>\n<p>Tamb\u00e9m integrante chin\u00eas, <strong>Huang Ren Jun<\/strong> nasceu na prov\u00edncia chinesa de Jilin, e n\u00e3o precisar\u00e1 se alistar no ex\u00e9rcito coreano.<\/p>\n<p>  Jeno <img loading=\"lazy\" decoding=\"async\" class=\"size-full wp-image-24609 img-fluid lazy\" alt=\"\" width=\"1280\" height=\"720\" src=\"https:\/\/www.europesays.com\/pt\/wp-content\/uploads\/2025\/10\/nct_dream_jeno_capa.jpg\"\/>Quem \u00e9 quem no NCT DREAM? <\/p>\n<p>Nascido em Incheon, na Coreia do Sul, em 23 de abril de 2000, <strong>Jeno<\/strong> precisar\u00e1 se alistar no ex\u00e9rcito coreano em breve. Segundo a lei, a data limite para o artista iniciar seu servi\u00e7o \u00e9 em seu anivers\u00e1rio de 28 anos.<\/p>\n<p>  Haechan <img loading=\"lazy\" decoding=\"async\" class=\"size-full wp-image-35858 img-fluid lazy\" alt=\"Concept photo de Haechan para o single 'Rains in Heaven', do NCT DREAM\" width=\"1280\" height=\"720\" src=\"https:\/\/www.europesays.com\/pt\/wp-content\/uploads\/2025\/10\/haechan-nct-dream-heaven-capa.jpg\"\/>Concept photo de Haechan para o single \u2018Rains in Heaven\u2019, do NCT DREAM \u2013 Divulga\u00e7\u00e3o\/SM Entertainment <\/p>\n<p>Tamb\u00e9m nascido no ano de 2000, <strong>Lee Dong Hyuck<\/strong>, o <strong>Haechan<\/strong>, natural da capital coreana Seul, tamb\u00e9m tem mais tr\u00eas anos para poder dar in\u00edcio ao seu alistamento obrigat\u00f3rio.<\/p>\n<p>  Jaemin <img loading=\"lazy\" decoding=\"async\" class=\"size-full wp-image-33695 img-fluid lazy\" alt=\"Concept photo de Jaemin, do NCT, para o \u00e1lbum 'Glitch Mode'\" width=\"1280\" height=\"720\" src=\"https:\/\/www.europesays.com\/pt\/wp-content\/uploads\/2025\/10\/jaemin-nct-capa.jpg\"\/>Concept photo de Jaemin, do NCT, para o \u00e1lbum \u2018Glitch Mode\u2019 \u2013 Divulga\u00e7\u00e3o\/SM Entertainment <\/p>\n<p><strong>Na Jae Min<\/strong> \u00e9 mais um integrante coreano do NCT nascido no ano 2000, sendo natural da cidade de Jeonju. Atualmente, ele tem 25 anos e precisar\u00e1 se alistar no ex\u00e9rcito sul-coreano em at\u00e9 tr\u00eas anos.<\/p>\n<p>  Yangyang <img loading=\"lazy\" decoding=\"async\" class=\"size-full wp-image-56540 img-fluid lazy\" alt=\"\" width=\"1280\" height=\"720\" src=\"https:\/\/www.europesays.com\/pt\/wp-content\/uploads\/2025\/10\/yangyang-nct-wayv-capa.jpg\"  \/>Concept photo de YangYang para o \u00e1lbum \u2018BIG BANGS\u2019 do WayV \u2013 Divulga\u00e7\u00e3o\/SM Entertainment <\/p>\n<p>Nascido em Taiwan, <strong>Liu YangYang<\/strong> n\u00e3o precisar\u00e1 se alistar no ex\u00e9rcito sul-coreano.<\/p>\n<p>  Chenle <img loading=\"lazy\" decoding=\"async\" class=\"size-full wp-image-24632 img-fluid lazy\" alt=\"Concept photo de Chenle, do NCT DREAM, para o \u00e1lbum 'Candy'\" width=\"1280\" height=\"720\" src=\"https:\/\/www.europesays.com\/pt\/wp-content\/uploads\/2025\/10\/chenle_nct_dream_capa.jpg\"\/>Concept photo de Chenle, do NCT DREAM, para o \u00e1lbum \u2018Candy\u2019 \u2013 Divulga\u00e7\u00e3o\/SM Entertainment <\/p>\n<p><strong>Zhong Chen Le<\/strong>, ou apenas <strong>Chenle<\/strong>, \u00e9 natural de Xangai, na China, e n\u00e3o ir\u00e1 se alistar no ex\u00e9rcito da Coreia do Sul.<\/p>\n<p>  Jisung <img loading=\"lazy\" decoding=\"async\" class=\"size-full wp-image-24613 img-fluid lazy\" alt=\"\" width=\"1280\" height=\"720\" src=\"https:\/\/www.europesays.com\/pt\/wp-content\/uploads\/2025\/10\/nct_dream_jisung_capa.jpg\"\/>Quem \u00e9 quem no NCT DREAM? <\/p>\n<p>Nascido na capital coreana, Seul, <strong>Park Ji Sung<\/strong> veio ao mundo no ano de 2002 e, por isso, poder\u00e1 iniciar seu alistamento militar em at\u00e9 cinco anos.<\/p>\n<p>  Sion <img loading=\"lazy\" decoding=\"async\" class=\"size-full wp-image-37724 img-fluid lazy\" alt=\"\" width=\"1280\" height=\"720\" src=\"https:\/\/www.europesays.com\/pt\/wp-content\/uploads\/2025\/10\/sion-nct-wish-capa.jpg\"\/>Concept photo de Sion, do NCT WISH, para o \u00e1lbum \u2018Steady\u2019 \u2013 Divulga\u00e7\u00e3o\/SM Entertainment <\/p>\n<p>L\u00edder da sub-unit NCT WISH,<strong> Oh Si On<\/strong> nasceu em Mokpo, cidade sul-coreana na prov\u00edncia de Jeolla do Sul. O artista, que tamb\u00e9m nasceu em 2002, dever\u00e1 se alistar no ex\u00e9rcito at\u00e9 2030.<\/p>\n<p>  Riku <img loading=\"lazy\" decoding=\"async\" class=\"size-full wp-image-40662 img-fluid lazy\" alt=\"Concept photo de Riku, do NCT WISH, para o \u00e1lbum 'Steady'\" width=\"1280\" height=\"720\" src=\"https:\/\/www.europesays.com\/pt\/wp-content\/uploads\/2025\/10\/riku-nct-wish-capa.jpg\"\/>Concept photo de Riku, do NCT WISH, para o \u00e1lbum \u2018Steady\u2019 \u2013 Divulga\u00e7\u00e3o\/SM Entertainment <\/p>\n<p>Nascido no Jap\u00e3o, <strong>Maeda Riku<\/strong> n\u00e3o precisar\u00e1 se alistar no ex\u00e9rcito coreano.<\/p>\n<p>  Yushi <img loading=\"lazy\" decoding=\"async\" class=\"size-full wp-image-37726 img-fluid lazy\" alt=\"\" width=\"1280\" height=\"720\" src=\"https:\/\/www.europesays.com\/pt\/wp-content\/uploads\/2025\/10\/yushi-nct-wish-capa.jpg\"\/>Concept photo de Yushi, do NCT WISH, para o \u00e1lbum \u2018Steady\u2019 \u2013 Divulga\u00e7\u00e3o\/SM Entertainment <\/p>\n<p>Com nacionalidade japonesa, <strong>Tokuno Y\u016bshi<\/strong> n\u00e3o precisa realizar o servi\u00e7o militar obrigat\u00f3rio na Coreia do Sul.<\/p>\n<p>  Jaehee <img loading=\"lazy\" decoding=\"async\" class=\"size-full wp-image-37727 img-fluid lazy\" alt=\"\" width=\"1280\" height=\"720\" src=\"https:\/\/www.europesays.com\/pt\/wp-content\/uploads\/2025\/10\/jaehee-nct-wish-capa.jpg\"\/>Concept photo de Jaehee, do NCT WISH, para o \u00e1lbum \u2018Steady\u2019 \u2013 Divulga\u00e7\u00e3o\/SM Entertainment <\/p>\n<p>O integrante coreano mais novo do NCT \u00e9 <strong>Kim Daeyoung<\/strong>, mais conhecido como <strong>Jaehee<\/strong>, o main vocalist do NCT WISH. Nascido em Daegu no ano de 2005, o artista precisar\u00e1 se alistar no ex\u00e9rcito at\u00e9 2033.<\/p>\n<p>  Ryo <img loading=\"lazy\" decoding=\"async\" class=\"size-full wp-image-37728 img-fluid lazy\" alt=\"\" width=\"1280\" height=\"720\" src=\"https:\/\/www.europesays.com\/pt\/wp-content\/uploads\/2025\/10\/ryo-nct-wish-capa.jpg\"\/>Concept photo de Ryo, do NCT WISH, para o \u00e1lbum \u2018Steady\u2019 \u2013 Divulga\u00e7\u00e3o\/SM Entertainment <\/p>\n<p><strong>Hirose Ryo<\/strong> tamb\u00e9m \u00e9 japon\u00eas e, por isso, n\u00e3o precisa se alistar no ex\u00e9rcito sul-coreano.<\/p>\n<p>  Sakuya <img loading=\"lazy\" decoding=\"async\" class=\"size-full wp-image-37729 img-fluid lazy\" alt=\"\" width=\"1280\" height=\"720\" src=\"https:\/\/www.europesays.com\/pt\/wp-content\/uploads\/2025\/10\/sakuya-nct-wish-capa.jpg\"\/>Concept photo de Sakuya, do NCT WISH, para o \u00e1lbum \u2018Steady\u2019 \u2013 Divulga\u00e7\u00e3o\/SM Entertainment <\/p>\n<p>O maknae do NCT \u00e9 <strong>Fujinaga Sakuya<\/strong>, nascido em Ishikawa, no Jap\u00e3o. Por ser japon\u00eas, ele n\u00e3o precisar\u00e1 se alistar no ex\u00e9rcito sul-coreano.<\/p>\n<p>        <a href=\"https:\/\/recreio.com.br\/noticias\/author\/daniela-bazi\" rel=\"nofollow noopener\" target=\"_blank\">&#13;<br \/>\n          <img alt=\"Daniela Bazi\" src=\"https:\/\/www.europesays.com\/pt\/wp-content\/uploads\/2025\/10\/1761915976_249_701cc86240953f42e068ecf8a0bb18dadb05bc88d7e776f8edb20aaea33b4eea\"  class=\"avatar avatar-115 photo rounded-circle mr-3\" height=\"115\" width=\"115\" loading=\"lazy\" decoding=\"async\"\/>        <\/a><\/p>\n<p>Daniela Bazi \u00e9 jornalista graduada pela UNINOVE, e bruxa formada na Escola de Magia e Bruxaria de Hogwarts. Amante de anima\u00e7\u00f5es, filmes e s\u00e9ries, tamb\u00e9m \u00e9 f\u00e3 de divas pop, entusiasta da Disney e k-popper nas horas vagas.<\/p>\n<p>\t                                            <script async src=\"\/\/www.instagram.com\/embed.js\"><\/script><\/p>\n","protected":false},"excerpt":{"rendered":"Na manh\u00e3 desta quinta-feira, 30, os NCTzens foram surpreendidos com o an\u00fancio do alistamento militar de Doyoung e&hellip;\n","protected":false},"author":2,"featured_media":133989,"comment_status":"","ping_status":"","sticky":false,"template":"","format":"standard","meta":{"footnotes":""},"categories":[141],"tags":[2341,6763,114,115,1688,149,150,30266,32,33],"class_list":{"0":"post-133988","1":"post","2":"type-post","3":"status-publish","4":"format-standard","5":"has-post-thumbnail","7":"category-musica","8":"tag-alistamento-militar","9":"tag-boygroup","10":"tag-entertainment","11":"tag-entretenimento","12":"tag-k-pop","13":"tag-music","14":"tag-musica","15":"tag-nct","16":"tag-portugal","17":"tag-pt"},"share_on_mastodon":{"url":"https:\/\/pubeurope.com\/@pt\/115468932847308376","error":""},"_links":{"self":[{"href":"https:\/\/www.europesays.com\/pt\/wp-json\/wp\/v2\/posts\/133988","targetHints":{"allow":["GET"]}}],"collection":[{"href":"https:\/\/www.europesays.com\/pt\/wp-json\/wp\/v2\/posts"}],"about":[{"href":"https:\/\/www.europesays.com\/pt\/wp-json\/wp\/v2\/types\/post"}],"author":[{"embeddable":true,"href":"https:\/\/www.europesays.com\/pt\/wp-json\/wp\/v2\/users\/2"}],"replies":[{"embeddable":true,"href":"https:\/\/www.europesays.com\/pt\/wp-json\/wp\/v2\/comments?post=133988"}],"version-history":[{"count":0,"href":"https:\/\/www.europesays.com\/pt\/wp-json\/wp\/v2\/posts\/133988\/revisions"}],"wp:featuredmedia":[{"embeddable":true,"href":"https:\/\/www.europesays.com\/pt\/wp-json\/wp\/v2\/media\/133989"}],"wp:attachment":[{"href":"https:\/\/www.europesays.com\/pt\/wp-json\/wp\/v2\/media?parent=133988"}],"wp:term":[{"taxonomy":"category","embeddable":true,"href":"https:\/\/www.europesays.com\/pt\/wp-json\/wp\/v2\/categories?post=133988"},{"taxonomy":"post_tag","embeddable":true,"href":"https:\/\/www.europesays.com\/pt\/wp-json\/wp\/v2\/tags?post=133988"}],"curies":[{"name":"wp","href":"https:\/\/api.w.org\/{rel}","templated":true}]}}