{"id":134011,"date":"2025-10-31T13:25:09","date_gmt":"2025-10-31T13:25:09","guid":{"rendered":"https:\/\/www.europesays.com\/pt\/134011\/"},"modified":"2025-10-31T13:25:09","modified_gmt":"2025-10-31T13:25:09","slug":"pesquisadores-isolam-enzimas-letais-para-locusta-migratoria","status":"publish","type":"post","link":"https:\/\/www.europesays.com\/pt\/134011\/","title":{"rendered":"Pesquisadores isolam enzimas letais para Locusta migratoria"},"content":{"rendered":"<p>                                                                                                        &#13;<\/p>\n<p>                                            <img decoding=\"async\" class=\"object-cover w-[100%] h-[100%]\" src=\"https:\/\/www.europesays.com\/pt\/wp-content\/uploads\/2025\/10\/3857a90d-f69b-4e29-b0d6-5baafd2ea480.jpg\" alt=\"Foto: Jonathan Hornung, CC BY-SA 2.0\"\/><\/p>\n<p>                                                &#13;<br \/>\n                                                    Foto: Jonathan Hornung, CC BY-SA 2.0&#13;<\/p>\n<p>                                    &#13;<\/p>\n<p class=\"text-[22px] leading-[1.4]    mt-[16px]   mb-[16px] \" style=\"padding-left: 0px;\">&#13;<br \/>\n                                    Pesquisadores chineses e mong\u00f3is identificaram duas enzimas do <a href=\"https:\/\/revistacultivar.com.br\/fitossanidade\/metarhizium-anisopliae\" target=\"_blank\" rel=\"nofollow noopener\">fungo Metarhizium anisopliae<\/a> com papel essencial na infec\u00e7\u00e3o do gafanhoto Locusta migratoria. A cepa IPPM202, altamente virulenta, utiliza as enzimas extracelulares Pr1 (subtilisina) e Pr4 (protease ciste\u00edna) para invadir e destruir o epit\u00e9lio do intestino m\u00e9dio do inseto.&#13;\n                                <\/p>\n<p class=\"text-[22px] leading-[1.4]    mt-[16px]   mb-[16px] \" style=\"padding-left: 0px;\">&#13;<br \/>\n                                    No experimento, os gafanhotos foram alimentados com iscas contendo esporos do fungo, associados ou n\u00e3o a inibidores de cada uma das quatro proteases (Pr1 a Pr4). &#13;\n                                <\/p>\n<p class=\"text-[22px] leading-[1.4]    mt-[16px]   mb-[16px] \" style=\"padding-left: 0px;\">&#13;<br \/>\n                                    A adi\u00e7\u00e3o dos inibidores TPCK (Pr1) e CI1 (Pr4) reduziu drasticamente a mortalidade dos insetos para n\u00edveis semelhantes ao controle, com preserva\u00e7\u00e3o da integridade do intestino. &#13;\n                                <\/p>\n<p class=\"text-[22px] leading-[1.4]    mt-[16px]   mb-[32px] \" style=\"padding-left: 0px;\">&#13;<br \/>\n                                    J\u00e1 os inibidores das proteases Pr2 (APMSF) e Pr3 (EDTA) n\u00e3o afetaram a a\u00e7\u00e3o letal do fungo, indicando que essas enzimas n\u00e3o participam do processo de infec\u00e7\u00e3o.&#13;\n                                <\/p>\n<p>                                                                                                        &#13;<br \/>\n                                    Avalia\u00e7\u00e3o por imagens&#13;<\/p>\n<p class=\"text-[22px] leading-[1.4]    mt-[16px]   mb-[16px] \" style=\"padding-left: 0px;\">&#13;<br \/>\n                                    Imagens em microscopia eletr\u00f4nica revelaram que Pr1 e Pr4 causam desestrutura\u00e7\u00e3o das microvilosidades intestinais, rompimento do ret\u00edculo endoplasm\u00e1tico e destrui\u00e7\u00e3o da membrana nuclear das c\u00e9lulas do epit\u00e9lio intestinal. &#13;\n                                <\/p>\n<p class=\"text-[22px] leading-[1.4]    mt-[16px]   mb-[16px] \" style=\"padding-left: 0px;\">&#13;<br \/>\n                                    Al\u00e9m disso, a atividade de enzimas de defesa &#8211; como peroxidase, catalase, super\u00f3xido dismutase e fenoloxidase &#8211; foi suprimida pela presen\u00e7a dos inibidores, o que sugere que Pr1 e Pr4 tamb\u00e9m afetam a resposta imune do hospedeiro.&#13;\n                                <\/p>\n<p class=\"text-[22px] leading-[1.4]    mt-[16px]   mb-[16px] \" style=\"padding-left: 0px;\">&#13;<br \/>\n                                    A infec\u00e7\u00e3o pelo fungo seguiu din\u00e2mica semelhante \u00e0 a\u00e7\u00e3o de <a href=\"https:\/\/revistacultivar.com.br\/fitossanidade\/bacillus-thuringiensis\" target=\"_blank\" rel=\"nofollow noopener\">Bacillus thuringiensis<\/a>, com destrui\u00e7\u00e3o do intestino precedendo a morte. Os autores sugerem que Pr1 e Pr4 atuam de forma sin\u00e9rgica e representam alvos promissores para o desenvolvimento de novos bioinseticidas ou linhagens de fungos geneticamente otimizadas para o controle sustent\u00e1vel do gafanhoto migrat\u00f3rio.&#13;\n                                <\/p>\n<p class=\"text-[22px] leading-[1.4]    mt-[16px]   mb-[16px] \" style=\"padding-left: 0px;\">&#13;<br \/>\n                                    Outras informa\u00e7\u00f5es em doi.org\/10.3390\/insects16111111&#13;\n                                <\/p>\n","protected":false},"excerpt":{"rendered":"&#13; &#13; Foto: Jonathan Hornung, CC BY-SA 2.0&#13; &#13; &#13; Pesquisadores chineses e mong\u00f3is identificaram duas enzimas do&hellip;\n","protected":false},"author":2,"featured_media":134012,"comment_status":"","ping_status":"","sticky":false,"template":"","format":"standard","meta":{"footnotes":""},"categories":[84],"tags":[562,8682,8683,8673,8674,109,107,108,8672,8681,8679,8676,8684,8680,4907,32,8677,33,105,103,104,8678,106,110,8675],"class_list":{"0":"post-134011","1":"post","2":"type-post","3":"status-publish","4":"format-standard","5":"has-post-thumbnail","7":"category-ciencia-e-tecnologia","8":"tag-agricultura","9":"tag-agricultura-familiar","10":"tag-agroindustria","11":"tag-agronomia","12":"tag-agropecuaria","13":"tag-ciencia","14":"tag-ciencia-e-tecnologia","15":"tag-cienciaetecnologia","16":"tag-cultivo","17":"tag-horticultura","18":"tag-inovacao-no-campo","19":"tag-manejo-de-culturas","20":"tag-maquinas-agricolas","21":"tag-mercado-agricola","22":"tag-pecuaria","23":"tag-portugal","24":"tag-producao-agricola","25":"tag-pt","26":"tag-science","27":"tag-science-and-technology","28":"tag-scienceandtechnology","29":"tag-sustentabilidade-rural","30":"tag-technology","31":"tag-tecnologia","32":"tag-tecnologia-agricola"},"share_on_mastodon":{"url":"https:\/\/pubeurope.com\/@pt\/115469007531664756","error":""},"_links":{"self":[{"href":"https:\/\/www.europesays.com\/pt\/wp-json\/wp\/v2\/posts\/134011","targetHints":{"allow":["GET"]}}],"collection":[{"href":"https:\/\/www.europesays.com\/pt\/wp-json\/wp\/v2\/posts"}],"about":[{"href":"https:\/\/www.europesays.com\/pt\/wp-json\/wp\/v2\/types\/post"}],"author":[{"embeddable":true,"href":"https:\/\/www.europesays.com\/pt\/wp-json\/wp\/v2\/users\/2"}],"replies":[{"embeddable":true,"href":"https:\/\/www.europesays.com\/pt\/wp-json\/wp\/v2\/comments?post=134011"}],"version-history":[{"count":0,"href":"https:\/\/www.europesays.com\/pt\/wp-json\/wp\/v2\/posts\/134011\/revisions"}],"wp:featuredmedia":[{"embeddable":true,"href":"https:\/\/www.europesays.com\/pt\/wp-json\/wp\/v2\/media\/134012"}],"wp:attachment":[{"href":"https:\/\/www.europesays.com\/pt\/wp-json\/wp\/v2\/media?parent=134011"}],"wp:term":[{"taxonomy":"category","embeddable":true,"href":"https:\/\/www.europesays.com\/pt\/wp-json\/wp\/v2\/categories?post=134011"},{"taxonomy":"post_tag","embeddable":true,"href":"https:\/\/www.europesays.com\/pt\/wp-json\/wp\/v2\/tags?post=134011"}],"curies":[{"name":"wp","href":"https:\/\/api.w.org\/{rel}","templated":true}]}}