{"id":134037,"date":"2025-10-31T13:49:09","date_gmt":"2025-10-31T13:49:09","guid":{"rendered":"https:\/\/www.europesays.com\/pt\/134037\/"},"modified":"2025-10-31T13:49:09","modified_gmt":"2025-10-31T13:49:09","slug":"vini-jr-presenteia-filhos-de-virginia-fonseca-apos-casal-assumir","status":"publish","type":"post","link":"https:\/\/www.europesays.com\/pt\/134037\/","title":{"rendered":"Vini Jr. presenteia filhos de Virginia Fonseca ap\u00f3s casal assumir"},"content":{"rendered":"<p>Vini Jr., 25 anos, presenteou os filhos de sua nova namorada, Virginia Fonseca, 26, dois dias depois de pedir a influenciadora em namoro e de o casal oficializar o relacionamento. A m\u00e3e da loira, Margareth Serr\u00e3o, 60, registrou o momento em que as crian\u00e7as brincavam com os brinquedos oferecidos pelo jogador.<\/p>\n<p>As imagens mostram Maria Alice, 4 anos, Maria Flor, 3 anos, e Jos\u00e9 Leonardo, 1 ano, rodeados de brinquedos. As fotos foram compartilhadas nos Stories do Instagram na quinta-feira, 30. &#8220;Maria Flor, me mostra a maquiagem que voc\u00ea ganhou.&#8221; Veja que bonito! Uau, Florzinha. E quanto a essa fantasia? Pessoal, quanta coisa de presente! Foi o Vini quem enviou. &#8220;Um monte de presente&#8221;, afirma a sogra ao atleta.<\/p>\n<p>Enquanto abriam os presentes, as meninas agradeciam Vini Jr. pelos presentes. As crian\u00e7as ganharam fantasias de her\u00f3is e princesas, carrinho de boneca, teclado de brinquedo, maquiagens e outros itens.<\/p>\n<p>\u00a0<\/p>\n<blockquote class=\"twitter-tweet\" data-media-max-width=\"560\"><p>&#13;<\/p>\n<p dir=\"ltr\" lang=\"pt\">\ud83d\udea8VEJA: Vini Jr. e a m\u00e3e Fernanda presentearam os filhos de Virg\u00ednia Fonseca e Z\u00e9 Felipe. <a href=\"https:\/\/t.co\/7dfjlhAsbc\" rel=\"nofollow\">pic.twitter.com\/7dfjlhAsbc<\/a><\/p>\n<p>&#13;<br \/>\n\u2014 CHOQUEI (@choquei) <a href=\"https:\/\/twitter.com\/choquei\/status\/1983964583850340656?ref_src=twsrc%5Etfw\" rel=\"nofollow noopener\" target=\"_blank\">October 30, 2025<\/a><\/p><\/blockquote>\n<p>            <script async src=\"https:\/\/platform.twitter.com\/widgets.js\" charset=\"utf-8\"><\/script><\/p>\n","protected":false},"excerpt":{"rendered":"Vini Jr., 25 anos, presenteou os filhos de sua nova namorada, Virginia Fonseca, 26, dois dias depois de&hellip;\n","protected":false},"author":2,"featured_media":134038,"comment_status":"","ping_status":"","sticky":false,"template":"","format":"standard","meta":{"footnotes":""},"categories":[145],"tags":[211,210,114,115,32,33,3126,973],"class_list":{"0":"post-134037","1":"post","2":"type-post","3":"status-publish","4":"format-standard","5":"has-post-thumbnail","7":"category-celebridades","8":"tag-celebridades","9":"tag-celebrities","10":"tag-entertainment","11":"tag-entretenimento","12":"tag-portugal","13":"tag-pt","14":"tag-vini-jr","15":"tag-virginia"},"share_on_mastodon":{"url":"https:\/\/pubeurope.com\/@pt\/115469101465749272","error":""},"_links":{"self":[{"href":"https:\/\/www.europesays.com\/pt\/wp-json\/wp\/v2\/posts\/134037","targetHints":{"allow":["GET"]}}],"collection":[{"href":"https:\/\/www.europesays.com\/pt\/wp-json\/wp\/v2\/posts"}],"about":[{"href":"https:\/\/www.europesays.com\/pt\/wp-json\/wp\/v2\/types\/post"}],"author":[{"embeddable":true,"href":"https:\/\/www.europesays.com\/pt\/wp-json\/wp\/v2\/users\/2"}],"replies":[{"embeddable":true,"href":"https:\/\/www.europesays.com\/pt\/wp-json\/wp\/v2\/comments?post=134037"}],"version-history":[{"count":0,"href":"https:\/\/www.europesays.com\/pt\/wp-json\/wp\/v2\/posts\/134037\/revisions"}],"wp:featuredmedia":[{"embeddable":true,"href":"https:\/\/www.europesays.com\/pt\/wp-json\/wp\/v2\/media\/134038"}],"wp:attachment":[{"href":"https:\/\/www.europesays.com\/pt\/wp-json\/wp\/v2\/media?parent=134037"}],"wp:term":[{"taxonomy":"category","embeddable":true,"href":"https:\/\/www.europesays.com\/pt\/wp-json\/wp\/v2\/categories?post=134037"},{"taxonomy":"post_tag","embeddable":true,"href":"https:\/\/www.europesays.com\/pt\/wp-json\/wp\/v2\/tags?post=134037"}],"curies":[{"name":"wp","href":"https:\/\/api.w.org\/{rel}","templated":true}]}}