{"id":134130,"date":"2025-10-31T15:05:10","date_gmt":"2025-10-31T15:05:10","guid":{"rendered":"https:\/\/www.europesays.com\/pt\/134130\/"},"modified":"2025-10-31T15:05:10","modified_gmt":"2025-10-31T15:05:10","slug":"viseu-rapariga-de-14-anos-violada-por-grupo-de-adolescentes-observador","status":"publish","type":"post","link":"https:\/\/www.europesays.com\/pt\/134130\/","title":{"rendered":"Viseu. Rapariga de 14 anos violada por grupo de adolescentes \u2013 Observador"},"content":{"rendered":"<p>Uma rapariga de 14 anos foi violada por quatro rapazes, incluindo o ex-namorado, em Viseu. A not\u00edcia foi avan\u00e7ada esta sexta-feira pelo <a href=\"https:\/\/www.cmjornal.pt\/portugal\/detalhe\/jovem-de-14-anos-violada-em-grupo-e-filmada-em-viseu\" target=\"_blank\" rel=\"noopener nofollow\">Correio da Manh\u00e3<\/a>, que escreve que o grupo filmou os abusos e que as imagens est\u00e3o a circular entre alunos de escolas secund\u00e1rias na regi\u00e3o.<\/p>\n<p>O crime ter\u00e1 acontecido h\u00e1 mais de um m\u00eas. Segundo o CM, a rapariga foi ter com o ex-namorado a uma casa onde habitualmente se encontravam. No interior estava o antigo namorado com tr\u00eas amigos, que a violaram. O jornal acrescenta que os agressores filmaram os abusos e que o v\u00eddeo foi divulgado nas redes sociais, estando a ser partilhado por estudantes em Viseu.<\/p>\n<p>Ter\u00e1 sido a m\u00e3e da v\u00edtima que, ao descobrir o que se tinha passado, apresentou queixa \u00e0 PSP, onde a rapariga j\u00e1 prestou declara\u00e7\u00f5es. S\u00f3 ter\u00e1 sido observada por profissionais de sa\u00fade, na urg\u00eancia do Hospital de Viseu, tr\u00eas semanas ap\u00f3s os abusos.<\/p>\n<p>O caso est\u00e1 atualmente a cargo da PJ. Os quatro suspeitos, que frequentam escolas de Viseu diferentes da v\u00edtima, foram todos identificados.<\/p>\n","protected":false},"excerpt":{"rendered":"Uma rapariga de 14 anos foi violada por quatro rapazes, incluindo o ex-namorado, em Viseu. A not\u00edcia foi&hellip;\n","protected":false},"author":2,"featured_media":134131,"comment_status":"","ping_status":"","sticky":false,"template":"","format":"standard","meta":{"footnotes":""},"categories":[8],"tags":[27,28,1403,604,15,16,14,300,25,26,21,22,12,13,19,20,57,2003,3918,32,23,24,1306,33,2004,58,17,18,29,30,31,8145,8721],"class_list":{"0":"post-134130","1":"post","2":"type-post","3":"status-publish","4":"format-standard","5":"has-post-thumbnail","7":"category-principais-noticias","8":"tag-breaking-news","9":"tag-breakingnews","10":"tag-comportamento","11":"tag-crime","12":"tag-featured-news","13":"tag-featurednews","14":"tag-headlines","15":"tag-justiu00e7a","16":"tag-latest-news","17":"tag-latestnews","18":"tag-main-news","19":"tag-mainnews","20":"tag-news","21":"tag-noticias","22":"tag-noticias-principais","23":"tag-noticiasprincipais","24":"tag-pau00eds","25":"tag-polu00edcia","26":"tag-polu00edcia-judiciu00e1ria","27":"tag-portugal","28":"tag-principais-noticias","29":"tag-principaisnoticias","30":"tag-psp","31":"tag-pt","32":"tag-seguranu00e7a","33":"tag-sociedade","34":"tag-top-stories","35":"tag-topstories","36":"tag-ultimas","37":"tag-ultimas-noticias","38":"tag-ultimasnoticias","39":"tag-violau00e7u00e3o","40":"tag-viseu"},"share_on_mastodon":{"url":"","error":"Validation failed: Text character limit of 500 exceeded"},"_links":{"self":[{"href":"https:\/\/www.europesays.com\/pt\/wp-json\/wp\/v2\/posts\/134130","targetHints":{"allow":["GET"]}}],"collection":[{"href":"https:\/\/www.europesays.com\/pt\/wp-json\/wp\/v2\/posts"}],"about":[{"href":"https:\/\/www.europesays.com\/pt\/wp-json\/wp\/v2\/types\/post"}],"author":[{"embeddable":true,"href":"https:\/\/www.europesays.com\/pt\/wp-json\/wp\/v2\/users\/2"}],"replies":[{"embeddable":true,"href":"https:\/\/www.europesays.com\/pt\/wp-json\/wp\/v2\/comments?post=134130"}],"version-history":[{"count":0,"href":"https:\/\/www.europesays.com\/pt\/wp-json\/wp\/v2\/posts\/134130\/revisions"}],"wp:featuredmedia":[{"embeddable":true,"href":"https:\/\/www.europesays.com\/pt\/wp-json\/wp\/v2\/media\/134131"}],"wp:attachment":[{"href":"https:\/\/www.europesays.com\/pt\/wp-json\/wp\/v2\/media?parent=134130"}],"wp:term":[{"taxonomy":"category","embeddable":true,"href":"https:\/\/www.europesays.com\/pt\/wp-json\/wp\/v2\/categories?post=134130"},{"taxonomy":"post_tag","embeddable":true,"href":"https:\/\/www.europesays.com\/pt\/wp-json\/wp\/v2\/tags?post=134130"}],"curies":[{"name":"wp","href":"https:\/\/api.w.org\/{rel}","templated":true}]}}