{"id":134184,"date":"2025-10-31T15:47:13","date_gmt":"2025-10-31T15:47:13","guid":{"rendered":"https:\/\/www.europesays.com\/pt\/134184\/"},"modified":"2025-10-31T15:47:13","modified_gmt":"2025-10-31T15:47:13","slug":"video-abel-de-joelhos-e-em-lagrimas-no-relvado-apos-reviravolta-epica","status":"publish","type":"post","link":"https:\/\/www.europesays.com\/pt\/134184\/","title":{"rendered":"V\u00cdDEO: Abel de joelhos e em l\u00e1grimas no relvado ap\u00f3s reviravolta \u00e9pica"},"content":{"rendered":"<p>\t                Treinador portugu\u00eas acabou abra\u00e7ado pelos jogadores depois de momento de maior emo\u00e7\u00e3o individual<\/p>\n<p>A equipa do Palmeiras festejou na noite de quinta-feira o apuramento para a final da Libertadores, ficando por algum tempo no relvado do Allianz Parque, onde o treinador portugu\u00eas Abel Ferreira n\u00e3o conteve as emo\u00e7\u00f5es.<\/p>\n<p>Numa altura em que havia festejos efusivos entre jogadores e outros elementos da equipa t\u00e9cnica, Abel, num momento mais individual, ajoelhou-se e levou as m\u00e3os ao rosto, em l\u00e1grimas, ap\u00f3s uma noite \u00e9pica.<\/p>\n<p>Pouco depois, o plantel do Palmeiras foi ter com Abel e festejou o apuramento com o treinador portugu\u00eas, entre abra\u00e7os, sorrisos e l\u00e1grimas. Isto na noite em que Abel assinalou cinco anos de treinador no \u00abVerd\u00e3o\u00bb.<\/p>\n<p>O Palmeiras, que tinha perdido por 3-0 na primeira m\u00e3o das meias-finais, na visita \u00e0 LDU Quito, <a href=\"https:\/\/maisfutebol.iol.pt\/libertadores\/abel-ferreira\/incrivel-palmeiras-de-abel-recupera-desvantagem-de-tres-e-esta-na-final-da-libertadores\" target=\"_blank\" rel=\"nofollow noopener\"><strong>venceu por 4-0 na segunda m\u00e3o<\/strong><\/a> e vai disputar a final ante o Flamengo.<\/p>\n","protected":false},"excerpt":{"rendered":"Treinador portugu\u00eas acabou abra\u00e7ado pelos jogadores depois de momento de maior emo\u00e7\u00e3o individual A equipa do Palmeiras festejou&hellip;\n","protected":false},"author":2,"featured_media":134185,"comment_status":"","ping_status":"","sticky":false,"template":"","format":"standard","meta":{"footnotes":""},"categories":[8],"tags":[7153,3506,609,836,611,27,28,607,608,333,832,604,135,610,476,15,16,301,830,14,82,603,25,26,30237,6525,570,21,22,831,833,62,834,12,13,19,20,835,602,1621,52,32,23,24,33,17,18,29,30,31],"class_list":{"0":"post-134184","1":"post","2":"type-post","3":"status-publish","4":"format-standard","5":"has-post-thumbnail","7":"category-principais-noticias","8":"tag-abel","9":"tag-abel-ferreira","10":"tag-alerta","11":"tag-analise","12":"tag-ao-minuto","13":"tag-breaking-news","14":"tag-breakingnews","15":"tag-cnn","16":"tag-cnn-portugal","17":"tag-comentadores","18":"tag-costa","19":"tag-crime","20":"tag-desporto","21":"tag-direto","22":"tag-economia","23":"tag-featured-news","24":"tag-featurednews","25":"tag-governo","26":"tag-guerra","27":"tag-headlines","28":"tag-internacional","29":"tag-justica","30":"tag-latest-news","31":"tag-latestnews","32":"tag-ldu-quito","33":"tag-libertadores","34":"tag-live","35":"tag-main-news","36":"tag-mainnews","37":"tag-mais-vistas","38":"tag-marcelo","39":"tag-mundo","40":"tag-negocios","41":"tag-news","42":"tag-noticias","43":"tag-noticias-principais","44":"tag-noticiasprincipais","45":"tag-opiniao","46":"tag-pais","47":"tag-palmeiras","48":"tag-politica","49":"tag-portugal","50":"tag-principais-noticias","51":"tag-principaisnoticias","52":"tag-pt","53":"tag-top-stories","54":"tag-topstories","55":"tag-ultimas","56":"tag-ultimas-noticias","57":"tag-ultimasnoticias"},"share_on_mastodon":{"url":"","error":"Validation failed: Text character limit of 500 exceeded"},"_links":{"self":[{"href":"https:\/\/www.europesays.com\/pt\/wp-json\/wp\/v2\/posts\/134184","targetHints":{"allow":["GET"]}}],"collection":[{"href":"https:\/\/www.europesays.com\/pt\/wp-json\/wp\/v2\/posts"}],"about":[{"href":"https:\/\/www.europesays.com\/pt\/wp-json\/wp\/v2\/types\/post"}],"author":[{"embeddable":true,"href":"https:\/\/www.europesays.com\/pt\/wp-json\/wp\/v2\/users\/2"}],"replies":[{"embeddable":true,"href":"https:\/\/www.europesays.com\/pt\/wp-json\/wp\/v2\/comments?post=134184"}],"version-history":[{"count":0,"href":"https:\/\/www.europesays.com\/pt\/wp-json\/wp\/v2\/posts\/134184\/revisions"}],"wp:featuredmedia":[{"embeddable":true,"href":"https:\/\/www.europesays.com\/pt\/wp-json\/wp\/v2\/media\/134185"}],"wp:attachment":[{"href":"https:\/\/www.europesays.com\/pt\/wp-json\/wp\/v2\/media?parent=134184"}],"wp:term":[{"taxonomy":"category","embeddable":true,"href":"https:\/\/www.europesays.com\/pt\/wp-json\/wp\/v2\/categories?post=134184"},{"taxonomy":"post_tag","embeddable":true,"href":"https:\/\/www.europesays.com\/pt\/wp-json\/wp\/v2\/tags?post=134184"}],"curies":[{"name":"wp","href":"https:\/\/api.w.org\/{rel}","templated":true}]}}