{"id":134204,"date":"2025-10-31T16:09:09","date_gmt":"2025-10-31T16:09:09","guid":{"rendered":"https:\/\/www.europesays.com\/pt\/134204\/"},"modified":"2025-10-31T16:09:09","modified_gmt":"2025-10-31T16:09:09","slug":"reveladas-mensagens-do-irmao-de-bruno-sobre-marisa-susana-era-bom","status":"publish","type":"post","link":"https:\/\/www.europesays.com\/pt\/134204\/","title":{"rendered":"Reveladas mensagens do irm\u00e3o de Bruno sobre Marisa Susana: &#8220;Era bom&#8230;&#8221;"},"content":{"rendered":"<p>Na noite em que foi sancionado com uma nomea\u00e7\u00e3o direta, por comportamento considerado agressivo com Marisa Susana, Bruno recebeu gritos com insultos, vindos do exterior da casa do Secret Story 9, e percebeu que eram para si.<\/p>\n<p>Como consequ\u00eancia desta atitude, o concorrente de Cascais decidiu fazer as malas para desistir do\u00a0reality show. No entanto, pensou melhor, dormiu num quarto secreto e voltou ao programa.<\/p>\n<p><strong>Leia tamb\u00e9m: <\/strong><a href=\"https:\/\/www.hiper.fm\/apos-ameaca-de-desistencia-bruno-recebeu-privilegio-a-producao-permitiu\/\" target=\"_blank\" rel=\"noopener nofollow\">Ap\u00f3s amea\u00e7a de desist\u00eancia, Bruno recebeu privil\u00e9gio: \u201cA produ\u00e7\u00e3o permitiu\u2026\u201d<\/a><\/p>\n<p>Nesta sequ\u00eancia de acontecimentos, foi revelado um\u00a0print\u00a0na rede social X (anterior Twitter) com mensagens da equipa de Bruno no WhatsApp: \u201c<strong>Foi algu\u00e9m da fam\u00edlia do Bruno que foi gritar \u00e0 casa?<\/strong>\u201d foi a quest\u00e3o lan\u00e7ada.<\/p>\n<p>A resposta \u00e0 pergunta foi dada por David Sim\u00e3o, irm\u00e3o de Bruno: \u201c<strong>N\u00e3o sabemos. Mas era bom. A chamar nomes \u00e0 Marisa Susana<\/strong>\u201c. O tamb\u00e9m futebolista do Arouca acrescentou um\u00a0emoji\u00a0a rir.<\/p>\n<p>Veja em baixo:<\/p>\n<blockquote class=\"twitter-tweet\">\n<p dir=\"ltr\" lang=\"pt\">David Sim\u00e3o actual jogador do Arouca sempre a instigar o \u00f3dio na team!<\/p>\n<p>\ud83e\udd37\ud83c\udffc\u200d\u2640\ufe0f\ud83e\udd37\ud83c\udffc\u200d\u2640\ufe0f\ud83e\udd37\ud83c\udffc\u200d\u2640\ufe0f\ud83e\udd37\ud83c\udffc\u200d\u2640\ufe0f<a href=\"https:\/\/twitter.com\/hashtag\/sstvi?src=hash&amp;ref_src=twsrc%5Etfw\" rel=\"nofollow noopener\" target=\"_blank\">#sstvi<\/a> <a href=\"https:\/\/t.co\/iLudwne3QU\" rel=\"nofollow\">pic.twitter.com\/iLudwne3QU<\/a><\/p>\n<p>\u2014 Diva Reality (@babipereira83) <a href=\"https:\/\/twitter.com\/babipereira83\/status\/1983666182189457779?ref_src=twsrc%5Etfw\" rel=\"nofollow noopener\" target=\"_blank\">October 29, 2025<\/a><\/p>\n<\/blockquote>\n<p>\t\t\t\t\t\t\t\t\t\t\t\t\t\t\t\t\t\t\t\t\t\t\t\t\t\t\t<script async src=\"https:\/\/platform.twitter.com\/widgets.js\" charset=\"utf-8\"><\/script><\/p>\n","protected":false},"excerpt":{"rendered":"Na noite em que foi sancionado com uma nomea\u00e7\u00e3o direta, por comportamento considerado agressivo com Marisa Susana, Bruno&hellip;\n","protected":false},"author":2,"featured_media":134205,"comment_status":"","ping_status":"","sticky":false,"template":"","format":"standard","meta":{"footnotes":""},"categories":[142],"tags":[3768,1661,114,115,30287,19153,892,32,33,151],"class_list":{"0":"post-134204","1":"post","2":"type-post","3":"status-publish","4":"format-standard","5":"has-post-thumbnail","7":"category-tv","8":"tag-bruno","9":"tag-destaque","10":"tag-entertainment","11":"tag-entretenimento","12":"tag-irmu00e3o","13":"tag-marisa-susana","14":"tag-mensagens","15":"tag-portugal","16":"tag-pt","17":"tag-tv"},"share_on_mastodon":{"url":"https:\/\/pubeurope.com\/@pt\/115469652009689014","error":""},"_links":{"self":[{"href":"https:\/\/www.europesays.com\/pt\/wp-json\/wp\/v2\/posts\/134204","targetHints":{"allow":["GET"]}}],"collection":[{"href":"https:\/\/www.europesays.com\/pt\/wp-json\/wp\/v2\/posts"}],"about":[{"href":"https:\/\/www.europesays.com\/pt\/wp-json\/wp\/v2\/types\/post"}],"author":[{"embeddable":true,"href":"https:\/\/www.europesays.com\/pt\/wp-json\/wp\/v2\/users\/2"}],"replies":[{"embeddable":true,"href":"https:\/\/www.europesays.com\/pt\/wp-json\/wp\/v2\/comments?post=134204"}],"version-history":[{"count":0,"href":"https:\/\/www.europesays.com\/pt\/wp-json\/wp\/v2\/posts\/134204\/revisions"}],"wp:featuredmedia":[{"embeddable":true,"href":"https:\/\/www.europesays.com\/pt\/wp-json\/wp\/v2\/media\/134205"}],"wp:attachment":[{"href":"https:\/\/www.europesays.com\/pt\/wp-json\/wp\/v2\/media?parent=134204"}],"wp:term":[{"taxonomy":"category","embeddable":true,"href":"https:\/\/www.europesays.com\/pt\/wp-json\/wp\/v2\/categories?post=134204"},{"taxonomy":"post_tag","embeddable":true,"href":"https:\/\/www.europesays.com\/pt\/wp-json\/wp\/v2\/tags?post=134204"}],"curies":[{"name":"wp","href":"https:\/\/api.w.org\/{rel}","templated":true}]}}