{"id":134252,"date":"2025-10-31T16:48:09","date_gmt":"2025-10-31T16:48:09","guid":{"rendered":"https:\/\/www.europesays.com\/pt\/134252\/"},"modified":"2025-10-31T16:48:09","modified_gmt":"2025-10-31T16:48:09","slug":"o-presente-milionario-que-cristiano-ronaldo-tera-oferecido-ao-filho-de-15-anos-que-esta-a-chocar-o-mundo","status":"publish","type":"post","link":"https:\/\/www.europesays.com\/pt\/134252\/","title":{"rendered":"O presente milion\u00e1rio que Cristiano Ronaldo ter\u00e1 oferecido ao filho de 15 anos que est\u00e1 a chocar o mundo"},"content":{"rendered":"<p data-end=\"487\" data-start=\"88\"><strong data-end=\"109\" data-start=\"88\">Cristiano Ronaldo<\/strong> voltou a dar que falar \u2014 desta vez, n\u00e3o pelos golos, mas pelo presente luxuoso que, alegadamente, ofereceu ao filho mais velho, Cristiano Ronaldo Jr. (mais conhecido como\u00a0<strong data-end=\"239\" data-start=\"223\">Cristianinho<\/strong>), de apenas <strong data-end=\"262\" data-start=\"251\">15 anos<\/strong>. O adolescente partilhou nas redes sociais, na passada quarta-feira, <strong data-end=\"349\" data-start=\"332\">29 de outubro<\/strong>, uma fotografia ao lado de um\u00a0<strong data-end=\"426\" data-start=\"397\">Lamborghini Urus S branco<\/strong>, avaliado em cerca de <strong data-end=\"484\" data-start=\"467\">265 mil euros<\/strong>, com a legenda: \u00abO meu primeiro carro\u00bb.<\/p>\n<p data-end=\"487\" data-start=\"88\">O presente causou furor, n\u00e3o necessariamente pelo pre\u00e7o, mas pelo facto de o jovem ainda nem ter idade para conduzir. O tema foi alvo de destaque no programa <strong><a href=\"https:\/\/tvi.iol.pt\/vmais\/programa\/v-fama\/66aa431ed34ea1acf26cda0d\" target=\"_blank\" rel=\"nofollow noopener\">V+ Fama<\/a><\/strong> desta sexta-feira, 31 de outubro de 2025, onde todos puseram a hip\u00f3tese de tudo n\u00e3o passar de uma brincadeira do adolescente.<\/p>\n<p data-end=\"828\" data-start=\"489\">A Lamborghini Urus S, fabricada pela prestigiada marca italiana, \u00e9 uma SUV desportiva conhecida pela pot\u00eancia, design arrojado e exclusividade. O modelo, embora n\u00e3o seja o mais recente lan\u00e7amento da marca, continua a ser um s\u00edmbolo de luxo e desempenho \u2014 e, segundo a imprensa internacional, <strong data-end=\"1194\" data-start=\"1123\">poder\u00e1 at\u00e9 pertencer \u00e0 pr\u00f3pria cole\u00e7\u00e3o privada de Cristiano Ronaldo<\/strong>.<\/p>\n<p data-end=\"1589\" data-start=\"1199\">O craque portugu\u00eas, que \u00e9 conhecido pela sua paix\u00e3o por autom\u00f3veis de luxo, possui uma das garagens mais impressionantes do mundo do desporto, com marcas como Ferrari, Bugatti e Rolls-Royce. Ao que tudo indica, poder\u00e1 agora ter decidido\u00a0<strong data-end=\"1466\" data-start=\"1424\">partilhar a sua cole\u00e7\u00e3o e gosto com o primog\u00e9nito<\/strong>, que segue os seus passos tamb\u00e9m no futebol, atualmente a treinar nas camadas jovens do <strong data-end=\"1567\" data-start=\"1555\">Al-Nassr<\/strong>, na Ar\u00e1bia Saudita.<\/p>\n<p data-end=\"1865\" data-start=\"1591\">A oferta gerou debate entre os seguidores do jogador, mas tamb\u00e9m elogios \u00e0 rela\u00e7\u00e3o pr\u00f3xima entre pai e filho. Cristianinho, que desde pequeno acompanha o pai dentro e fora dos relvados, parece estar a herdar n\u00e3o s\u00f3 o talento, mas tamb\u00e9m o gosto pela eleg\u00e2ncia e pelo luxo.<\/p>\n<p data-end=\"1865\" data-start=\"1591\"><strong>Veja tamb\u00e9m:<\/strong><\/p>\n<p data-end=\"1865\" data-start=\"1591\"><a href=\"https:\/\/tvi.iol.pt\/vmais\/videos\/cristiano-ronaldo-faz-gesto-solidario-unico-e-o-valor-e-milionario\/6900b34f0cf285ab53a6c5d1\" target=\"_blank\" rel=\"nofollow noopener\">Cristiano Ronaldo faz gesto solid\u00e1rio \u00fanico. E o valor \u00e9 milion\u00e1rio<\/a><\/p>\n<p><a href=\"https:\/\/tvi.iol.pt\/vmais\/videos\/filho-de-cristiano-ronaldo-cristianinho-da-novas-cartas-no-futebol-e-ja-se-fala-em-profecia-vaticana\/68fa2a3e0cf285ab53a6b524\" target=\"_blank\" rel=\"nofollow noopener\">Filho de Cristiano Ronaldo, Cristianinho, d\u00e1 novas cartas no futebol&#8230; e j\u00e1 se fala em \u00abprofecia vaticana\u00bb?<\/a><\/p>\n<p><a href=\"https:\/\/tvi.iol.pt\/vmais\/videos\/cristianinho-jr-ja-tem-15-anos-saiba-como-foi-a-festa-de-aniversario\/6852a9140cf20ac1d5f33421\" target=\"_blank\" rel=\"nofollow noopener\">Cristianinho j\u00e1 tem 15 anos! Saiba como foi a festa de anivers\u00e1rio<\/a><\/p>\n","protected":false},"excerpt":{"rendered":"Cristiano Ronaldo voltou a dar que falar \u2014 desta vez, n\u00e3o pelos golos, mas pelo presente luxuoso que,&hellip;\n","protected":false},"author":2,"featured_media":134253,"comment_status":"","ping_status":"","sticky":false,"template":"","format":"standard","meta":{"footnotes":""},"categories":[145],"tags":[73,72,66,211,210,30168,667,114,115,77,69,75,71,67,32,30289,33,76,74,70,35,78,68],"class_list":{"0":"post-134252","1":"post","2":"type-post","3":"status-publish","4":"format-standard","5":"has-post-thumbnail","7":"category-celebridades","8":"tag-a-jornada","9":"tag-bate-bola","10":"tag-bom-dia-alegria","11":"tag-celebridades","12":"tag-celebrities","13":"tag-cristianinho","14":"tag-cristiano-ronaldo","15":"tag-entertainment","16":"tag-entretenimento","17":"tag-estudio-estadio","18":"tag-fanaticos","19":"tag-livre-e-direto","20":"tag-nova-geracao","21":"tag-para-si","22":"tag-portugal","23":"tag-presente-milionario","24":"tag-pt","25":"tag-segredos-do-prazer","26":"tag-segue-o-jogo","27":"tag-super-craques","28":"tag-transferencias","29":"tag-v-fama","30":"tag-var-aberto"},"share_on_mastodon":{"url":"https:\/\/pubeurope.com\/@pt\/115469805347383917","error":""},"_links":{"self":[{"href":"https:\/\/www.europesays.com\/pt\/wp-json\/wp\/v2\/posts\/134252","targetHints":{"allow":["GET"]}}],"collection":[{"href":"https:\/\/www.europesays.com\/pt\/wp-json\/wp\/v2\/posts"}],"about":[{"href":"https:\/\/www.europesays.com\/pt\/wp-json\/wp\/v2\/types\/post"}],"author":[{"embeddable":true,"href":"https:\/\/www.europesays.com\/pt\/wp-json\/wp\/v2\/users\/2"}],"replies":[{"embeddable":true,"href":"https:\/\/www.europesays.com\/pt\/wp-json\/wp\/v2\/comments?post=134252"}],"version-history":[{"count":0,"href":"https:\/\/www.europesays.com\/pt\/wp-json\/wp\/v2\/posts\/134252\/revisions"}],"wp:featuredmedia":[{"embeddable":true,"href":"https:\/\/www.europesays.com\/pt\/wp-json\/wp\/v2\/media\/134253"}],"wp:attachment":[{"href":"https:\/\/www.europesays.com\/pt\/wp-json\/wp\/v2\/media?parent=134252"}],"wp:term":[{"taxonomy":"category","embeddable":true,"href":"https:\/\/www.europesays.com\/pt\/wp-json\/wp\/v2\/categories?post=134252"},{"taxonomy":"post_tag","embeddable":true,"href":"https:\/\/www.europesays.com\/pt\/wp-json\/wp\/v2\/tags?post=134252"}],"curies":[{"name":"wp","href":"https:\/\/api.w.org\/{rel}","templated":true}]}}