{"id":134260,"date":"2025-10-31T16:58:58","date_gmt":"2025-10-31T16:58:58","guid":{"rendered":"https:\/\/www.europesays.com\/pt\/134260\/"},"modified":"2025-10-31T16:58:58","modified_gmt":"2025-10-31T16:58:58","slug":"foram-estas-as-audiencias-das-novelas-da-noite-desta-quarta-feira","status":"publish","type":"post","link":"https:\/\/www.europesays.com\/pt\/134260\/","title":{"rendered":"Foram estas as audi\u00eancias das novelas da noite desta quarta-feira"},"content":{"rendered":"<p>Nesta quarta-feira as novelas da SIC e TVI baixaram os seus valores.<\/p>\n<p style=\"text-align: justify;\">A novela protagonizada por Cl\u00e1udia Vieira, <strong>Vit\u00f3ria,<\/strong> registou uma audi\u00eancia m\u00e9dia de 6,7% de rating e 14,6% de share.<\/p>\n<p style=\"text-align: justify;\">J\u00e1<strong> Terra Forte<\/strong> alcan\u00e7ou uma audi\u00eancia m\u00e9dia de 6,7% de rating e 15,6% de share, tendo subido \u00e0 lideran\u00e7a.<\/p>\n<p style=\"text-align: justify;\">A seguir <strong>A Heran\u00e7a<\/strong> obteve 6,1% de rating e 18,6% de share, e <strong>A Protegida<\/strong>, a seguir, terminou com 3,5% de rating e 11,9% de share.<\/p>\n","protected":false},"excerpt":{"rendered":"Nesta quarta-feira as novelas da SIC e TVI baixaram os seus valores. A novela protagonizada por Cl\u00e1udia Vieira,&hellip;\n","protected":false},"author":2,"featured_media":134261,"comment_status":"","ping_status":"","sticky":false,"template":"","format":"standard","meta":{"footnotes":""},"categories":[85],"tags":[2795,168,805,114,115,32,33,18614,1698],"class_list":{"0":"post-134260","1":"post","2":"type-post","3":"status-publish","4":"format-standard","5":"has-post-thumbnail","7":"category-entretenimento","8":"tag-a-heranca","9":"tag-a-protegida","10":"tag-audiencias","11":"tag-entertainment","12":"tag-entretenimento","13":"tag-portugal","14":"tag-pt","15":"tag-terra-forte","16":"tag-vitoria"},"share_on_mastodon":{"url":"https:\/\/pubeurope.com\/@pt\/115469848814136435","error":""},"_links":{"self":[{"href":"https:\/\/www.europesays.com\/pt\/wp-json\/wp\/v2\/posts\/134260","targetHints":{"allow":["GET"]}}],"collection":[{"href":"https:\/\/www.europesays.com\/pt\/wp-json\/wp\/v2\/posts"}],"about":[{"href":"https:\/\/www.europesays.com\/pt\/wp-json\/wp\/v2\/types\/post"}],"author":[{"embeddable":true,"href":"https:\/\/www.europesays.com\/pt\/wp-json\/wp\/v2\/users\/2"}],"replies":[{"embeddable":true,"href":"https:\/\/www.europesays.com\/pt\/wp-json\/wp\/v2\/comments?post=134260"}],"version-history":[{"count":0,"href":"https:\/\/www.europesays.com\/pt\/wp-json\/wp\/v2\/posts\/134260\/revisions"}],"wp:featuredmedia":[{"embeddable":true,"href":"https:\/\/www.europesays.com\/pt\/wp-json\/wp\/v2\/media\/134261"}],"wp:attachment":[{"href":"https:\/\/www.europesays.com\/pt\/wp-json\/wp\/v2\/media?parent=134260"}],"wp:term":[{"taxonomy":"category","embeddable":true,"href":"https:\/\/www.europesays.com\/pt\/wp-json\/wp\/v2\/categories?post=134260"},{"taxonomy":"post_tag","embeddable":true,"href":"https:\/\/www.europesays.com\/pt\/wp-json\/wp\/v2\/tags?post=134260"}],"curies":[{"name":"wp","href":"https:\/\/api.w.org\/{rel}","templated":true}]}}