{"id":134279,"date":"2025-10-31T17:15:08","date_gmt":"2025-10-31T17:15:08","guid":{"rendered":"https:\/\/www.europesays.com\/pt\/134279\/"},"modified":"2025-10-31T17:15:08","modified_gmt":"2025-10-31T17:15:08","slug":"maratona-condiciona-transito-no-porto-em-matosinhos-e-em-leca-da-palmeira","status":"publish","type":"post","link":"https:\/\/www.europesays.com\/pt\/134279\/","title":{"rendered":"Maratona condiciona tr\u00e2nsito no Porto, em Matosinhos e em Le\u00e7a da Palmeira"},"content":{"rendered":"<p data-remotead-prev-elm=\"true\" data-remotead-elm-id=\"inread\">Os atletas v\u00e3o partir, \u00e0s 8 horas de domingo, do Sea Life, junto ao Castelo do Queijo, e a meta ser\u00e1 no Queim\u00f3dromo, no Parque da Cidade. O percurso passa pelas marginais do Porto e de Matosinhos (incluindo Le\u00e7a da Palmeira), condicionando ou cortando dezenas de art\u00e9rias em ambos os concelhos.<\/p>\n<p>As restri\u00e7\u00f5es v\u00e3o-se alterando ao longo do evento, mas a proibi\u00e7\u00e3o de estacionamento na Avenida da Boavista, entre a Avenida Parque e a Pra\u00e7a de Gon\u00e7alves Zarco, no sentido descendente, e na Rua de Malaca, no sentido ascendente, no Porto, manter-se-\u00e1 durante os dois dias.<\/p>\n<p>A partir da meia-noite de domingo, os condicionamentos aumentam, sendo proibido estacionar os ve\u00edculos na Rua do Ouro e na Avenida de Montevideu. A zona do Castelo do Queijo ter\u00e1 o mesmo destino, sendo que haver\u00e1 ainda um corte total de via.<\/p>\n<p data-remotead-prev-elm=\"true\" data-remotead-elm-id=\"centro1\">Al\u00e9m disso, durante a implementa\u00e7\u00e3o destas altera\u00e7\u00f5es tempor\u00e1rias, as paragens afetas \u00e0 STCP e aos operadores interurbanos, a linha do el\u00e9trico e as pra\u00e7as de t\u00e1xi localizadas nesses arruamentos, ser\u00e3o desativadas at\u00e9 ao fim do evento.<\/p>\n<p>J\u00e1 o acesso \u00e0s garagens, ve\u00edculos de emerg\u00eancia e a realiza\u00e7\u00e3o de cargas e descargas nas ruas das marginais de Porto e Matosinhos, por onde o percurso vai passar, tamb\u00e9m estar\u00e3o condicionados. Pode consultar o mapa completo das restri\u00e7\u00f5es no Porto, em tempo real, na <a href=\"https:\/\/transito.cm-porto.pt\/\" target=\"_blank\" rel=\"nofollow noopener\">Plataforma de Tr\u00e2nsito do Munic\u00edpio<\/a>.<\/p>\n<p>Para Matosinhos, tamb\u00e9m est\u00e1o previstos v\u00e1rios constrangimentos \u00e0 circula\u00e7\u00e3o, que tamb\u00e9m podem ser consultados <a href=\"https:\/\/www.cm-matosinhos.pt\/evento-31\/edp-maratona-do-porto-32\" target=\"_blank\" rel=\"nofollow noopener\">online<\/a>.<\/p>\n<p data-remotead-prev-elm=\"true\" data-remotead-elm-id=\"centro2\"><strong>A COMPETI\u00c7\u00c3O<\/strong><\/p>\n<p>Esta 21.\u00aa edi\u00e7\u00e3o da Maratona do Porto, cujo tiro de partida ser\u00e1 dado \u00e0s 8 da manh\u00e3, vai contar com mais de 12500 atletas, amadores e profissionais, num total de 86 nacionalidades (37 da Europa, 19 da Am\u00e9rica, 15 da \u00c1sia, 13 de \u00c1frica e dois da Oce\u00e2nia). Metade dos participantes s\u00e3o de origem estrangeira.<\/p>\n<p>Al\u00e9m dos 42 quil\u00f3metros da prova principal, realizar-se-\u00e3o, simultaneamente, uma corrida de dez quil\u00f3metros e uma caminhada de seis. Neste s\u00e1bado, haver\u00e1 uma missa de b\u00ean\u00e7\u00e3o dos maratonistas, na Igreja de S. Pedro de Miragaia (na zona em frente \u00e0 Alf\u00e2ndega), \u00e0s 15.30 horas.<\/p>\n<p data-remotead-prev-elm=\"true\" data-remotead-elm-id=\"centro3\"><strong>CRESCIMENTO<\/strong><\/p>\n<p>Jorge Teixeira, diretor geral da RunPorto, empresa respons\u00e1vel da organiza\u00e7\u00e3o da prova, recordou que na primeira edi\u00e7\u00e3o, h\u00e1 mais de duas d\u00e9cadas, houve apenas 321 participantes e mostrou-se agradado com o crescimento do n\u00famero de atletas.<\/p>\n<p>O recorde da Maratona do Porto \u00e9 de 2:08.58 horas, tempo conseguido em 2021 por Zablon Chumba, do Qu\u00e9nia. J\u00e1 o recorde feminino \u00e9 de 2:26.58 horas e foi conseguido em 2017 pela queniana Monica Jepkoech. Ant\u00f3nio Miranda, com 78 anos, e a norte-americana Maria Shields, de 74 anos, s\u00e3o os participantes mais velhos na prova<\/p>\n","protected":false},"excerpt":{"rendered":"Os atletas v\u00e3o partir, \u00e0s 8 horas de domingo, do Sea Life, junto ao Castelo do Queijo, e&hellip;\n","protected":false},"author":2,"featured_media":134280,"comment_status":"","ping_status":"","sticky":false,"template":"","format":"standard","meta":{"footnotes":""},"categories":[87],"tags":[19484,20018,135,12227,30297,32,33,134,11669],"class_list":{"0":"post-134279","1":"post","2":"type-post","3":"status-publish","4":"format-standard","5":"has-post-thumbnail","7":"category-desporto","8":"tag-concelho-matosinhos","9":"tag-concelho-porto","10":"tag-desporto","11":"tag-leca-da-palmeira","12":"tag-maratona-do-porto","13":"tag-portugal","14":"tag-pt","15":"tag-sports","16":"tag-transito"},"share_on_mastodon":{"url":"https:\/\/pubeurope.com\/@pt\/115469911638614754","error":""},"_links":{"self":[{"href":"https:\/\/www.europesays.com\/pt\/wp-json\/wp\/v2\/posts\/134279","targetHints":{"allow":["GET"]}}],"collection":[{"href":"https:\/\/www.europesays.com\/pt\/wp-json\/wp\/v2\/posts"}],"about":[{"href":"https:\/\/www.europesays.com\/pt\/wp-json\/wp\/v2\/types\/post"}],"author":[{"embeddable":true,"href":"https:\/\/www.europesays.com\/pt\/wp-json\/wp\/v2\/users\/2"}],"replies":[{"embeddable":true,"href":"https:\/\/www.europesays.com\/pt\/wp-json\/wp\/v2\/comments?post=134279"}],"version-history":[{"count":0,"href":"https:\/\/www.europesays.com\/pt\/wp-json\/wp\/v2\/posts\/134279\/revisions"}],"wp:featuredmedia":[{"embeddable":true,"href":"https:\/\/www.europesays.com\/pt\/wp-json\/wp\/v2\/media\/134280"}],"wp:attachment":[{"href":"https:\/\/www.europesays.com\/pt\/wp-json\/wp\/v2\/media?parent=134279"}],"wp:term":[{"taxonomy":"category","embeddable":true,"href":"https:\/\/www.europesays.com\/pt\/wp-json\/wp\/v2\/categories?post=134279"},{"taxonomy":"post_tag","embeddable":true,"href":"https:\/\/www.europesays.com\/pt\/wp-json\/wp\/v2\/tags?post=134279"}],"curies":[{"name":"wp","href":"https:\/\/api.w.org\/{rel}","templated":true}]}}