{"id":134291,"date":"2025-10-31T17:22:14","date_gmt":"2025-10-31T17:22:14","guid":{"rendered":"https:\/\/www.europesays.com\/pt\/134291\/"},"modified":"2025-10-31T17:22:14","modified_gmt":"2025-10-31T17:22:14","slug":"alteracoes-na-lei-de-reposicao-de-freguesias","status":"publish","type":"post","link":"https:\/\/www.europesays.com\/pt\/134291\/","title":{"rendered":"Altera\u00e7\u00f5es na Lei de Reposi\u00e7\u00e3o de Freguesias"},"content":{"rendered":"<p>O Presidente da Rep\u00fablica promulgou o diploma da Assembleia da Rep\u00fablica que altera a lei que procede \u00e0 reposi\u00e7\u00e3o de freguesias, aprovado a 28 de janeiro.<\/p>\n<p><a aria-label=\"content\" target=\"_blank\" href=\"https:\/\/www.presidencia.pt\/atualidade\/toda-a-atualidade\/2025\/10\/presidente-da-republica-promulga-diploma-da-assembleia-da-republica-210819\/\" rel=\"nofollow noopener\">Numa nota no site da Presid\u00eancia<\/a> difundida esta sexta-feira, 31 de outubro, Marcelo Rebelo de Sousa recorda que j\u00e1 havia chamado a aten\u00e7\u00e3o, em mar\u00e7o deste ano, &#8220;para os avan\u00e7os e recuos deste processo de recria\u00e7\u00e3o de freguesias, as suas contradi\u00e7\u00f5es e hesita\u00e7\u00f5es, sublinhando as dificuldades de tais altera\u00e7\u00f5es em t\u00e3o curto prazo de tempo&#8221;.<\/p>\n<p>&#8220;A Assembleia da Rep\u00fablica foi agora levada a legislar, em grande urg\u00eancia, para regular assuntos t\u00e3o pragm\u00e1ticos, quanto importantes, dos sal\u00e1rios dos funcion\u00e1rios e outras quest\u00f5es relacionadas com a cria\u00e7\u00e3o, em tais condi\u00e7\u00f5es, das novas freguesias&#8221;, salienta o chefe de Estado.<\/p>\n","protected":false},"excerpt":{"rendered":"O Presidente da Rep\u00fablica promulgou o diploma da Assembleia da Rep\u00fablica que altera a lei que procede \u00e0&hellip;\n","protected":false},"author":2,"featured_media":72077,"comment_status":"","ping_status":"","sticky":false,"template":"","format":"standard","meta":{"footnotes":""},"categories":[8],"tags":[27,28,15,16,30299,14,25,26,21,22,588,12,13,19,20,32,23,24,33,17,18,29,30,31],"class_list":{"0":"post-134291","1":"post","2":"type-post","3":"status-publish","4":"format-standard","5":"has-post-thumbnail","7":"category-principais-noticias","8":"tag-breaking-news","9":"tag-breakingnews","10":"tag-featured-news","11":"tag-featurednews","12":"tag-freguesias","13":"tag-headlines","14":"tag-latest-news","15":"tag-latestnews","16":"tag-main-news","17":"tag-mainnews","18":"tag-marcelo-rebelo-de-sousa","19":"tag-news","20":"tag-noticias","21":"tag-noticias-principais","22":"tag-noticiasprincipais","23":"tag-portugal","24":"tag-principais-noticias","25":"tag-principaisnoticias","26":"tag-pt","27":"tag-top-stories","28":"tag-topstories","29":"tag-ultimas","30":"tag-ultimas-noticias","31":"tag-ultimasnoticias"},"share_on_mastodon":{"url":"https:\/\/pubeurope.com\/@pt\/115469939344245898","error":""},"_links":{"self":[{"href":"https:\/\/www.europesays.com\/pt\/wp-json\/wp\/v2\/posts\/134291","targetHints":{"allow":["GET"]}}],"collection":[{"href":"https:\/\/www.europesays.com\/pt\/wp-json\/wp\/v2\/posts"}],"about":[{"href":"https:\/\/www.europesays.com\/pt\/wp-json\/wp\/v2\/types\/post"}],"author":[{"embeddable":true,"href":"https:\/\/www.europesays.com\/pt\/wp-json\/wp\/v2\/users\/2"}],"replies":[{"embeddable":true,"href":"https:\/\/www.europesays.com\/pt\/wp-json\/wp\/v2\/comments?post=134291"}],"version-history":[{"count":0,"href":"https:\/\/www.europesays.com\/pt\/wp-json\/wp\/v2\/posts\/134291\/revisions"}],"wp:featuredmedia":[{"embeddable":true,"href":"https:\/\/www.europesays.com\/pt\/wp-json\/wp\/v2\/media\/72077"}],"wp:attachment":[{"href":"https:\/\/www.europesays.com\/pt\/wp-json\/wp\/v2\/media?parent=134291"}],"wp:term":[{"taxonomy":"category","embeddable":true,"href":"https:\/\/www.europesays.com\/pt\/wp-json\/wp\/v2\/categories?post=134291"},{"taxonomy":"post_tag","embeddable":true,"href":"https:\/\/www.europesays.com\/pt\/wp-json\/wp\/v2\/tags?post=134291"}],"curies":[{"name":"wp","href":"https:\/\/api.w.org\/{rel}","templated":true}]}}