{"id":134300,"date":"2025-10-31T17:29:09","date_gmt":"2025-10-31T17:29:09","guid":{"rendered":"https:\/\/www.europesays.com\/pt\/134300\/"},"modified":"2025-10-31T17:29:09","modified_gmt":"2025-10-31T17:29:09","slug":"jose-mourinho-bruno-lage-tinha-toda-a-razao","status":"publish","type":"post","link":"https:\/\/www.europesays.com\/pt\/134300\/","title":{"rendered":"Jos\u00e9 Mourinho: \u00abBruno Lage tinha toda a raz\u00e3o\u00bb"},"content":{"rendered":"<p style=\"margin-bottom:11px\"><strong>Jos\u00e9 Mourinho falou das v\u00e1rias combina\u00e7\u00f5es do meio-campo do Benfica a prop\u00f3sito da assist\u00eancia que Richard R\u00edos fez para Luk\u00e9bakio na vit\u00f3ria sobre o Tondela (3-0) na Ta\u00e7a da Liga.<\/strong><\/p>\n<p> Richard R\u00edos (assist\u00eancia) e Luk\u00e9bakio (golo) foram protagonistas no segundo golo frente ao Tondela. Sente que este tipo de lance pode retirar um pouco de press\u00e3o sobre os jogadores? <\/p>\n<p>\u00ab\u00c9 agrad\u00e1vel para os jogadores terem o feeling e que as pessoas tenham o feeling de que eles fizeram um bom jogo. O Richard entrou bem, o Luk\u00e9bakio marca o seu primeiro golo pelo Benfica. Aquela empatia n\u00e3o ego\u00edsta de o golo \u00e9 nosso, o golo n\u00e3o \u00e9 meu, acho que s\u00e3o coisas agrad\u00e1veis. O homem do jogo, apesar de eu ter feito desaparecer o trof\u00e9u, \u00e9 muito agrad\u00e1vel para um jogador que chega a um novo campeonato e ser o homem do jogo. Acho que \u00e9 muito agrad\u00e1vel para o R\u00edos festejar um golo quase seu no Est\u00e1dio da Luz e receber aquele calor. Acho que \u00e9 bom para o crescimento dele.\u00bb<\/p>\n<p> Barreiro, Barrenechea e R\u00edos podem jogar os tr\u00eas para R\u00edos ficar mais solto no apoio ao ataque? <\/p>\n<p>\u00abCerto que podem jogar os tr\u00eas, acho que o Bruno [Lage], a defender-se dos vossos [jornalistas] coment\u00e1rios, at\u00e9 disse que todos pensam que o Barreiro \u00e9 um m\u00e9dio defensivo, mas o Barreiro n\u00e3o \u00e9 de todo um m\u00e9dio defensivo. Tinha toda a raz\u00e3o o Bruno, porque o barreiro \u00e9 um jogador que trabalha muito, mas depois tem um timing fant\u00e1stico de se projetar no ataque. \u00c9 um jogador que, quando tem liberdade, pode perfeitamente jogar naquela posi\u00e7\u00e3o 10. No jogo com o Fenerbah\u00e7e, na Luz, no primeiro minuto, apareceu numa posi\u00e7\u00e3o de finaliza\u00e7\u00e3o e quase que faz golo. Neste jogo, quando entrou o Richard, ele come\u00e7ou a jogar mais ofensivamente. Aparece no segundo e aparece no terceiro golo.<\/p>\n<p> Em conclus\u00e3o\u2026 <\/p>\n<p>\u00abS\u00e3o bons jogadores. Acho que os tr\u00eas que t\u00eam jogado mais, mais o Barreiro e obviamente o Aursnes fazem um grupo de cinco jogadores muito interessantes. Depois \u00e9 tamb\u00e9m uma zona onde h\u00e1 Rego, h\u00e1 Veloso, onde h\u00e1 jovens que t\u00eam pernas para andar\u00bb.<\/p>\n","protected":false},"excerpt":{"rendered":"Jos\u00e9 Mourinho falou das v\u00e1rias combina\u00e7\u00f5es do meio-campo do Benfica a prop\u00f3sito da assist\u00eancia que Richard R\u00edos fez&hellip;\n","protected":false},"author":2,"featured_media":134301,"comment_status":"","ping_status":"","sticky":false,"template":"","format":"standard","meta":{"footnotes":""},"categories":[87],"tags":[51,2923,135,1385,30300,36,46,32,33,47,134],"class_list":{"0":"post-134300","1":"post","2":"type-post","3":"status-publish","4":"format-standard","5":"has-post-thumbnail","7":"category-desporto","8":"tag-benfica","9":"tag-bruno-lage","10":"tag-desporto","11":"tag-jose-mourinho","12":"tag-leandro-barreiro","13":"tag-liga","14":"tag-maisfutebol","15":"tag-portugal","16":"tag-pt","17":"tag-pura-paixao","18":"tag-sports"},"share_on_mastodon":{"url":"https:\/\/pubeurope.com\/@pt\/115469966754881674","error":""},"_links":{"self":[{"href":"https:\/\/www.europesays.com\/pt\/wp-json\/wp\/v2\/posts\/134300","targetHints":{"allow":["GET"]}}],"collection":[{"href":"https:\/\/www.europesays.com\/pt\/wp-json\/wp\/v2\/posts"}],"about":[{"href":"https:\/\/www.europesays.com\/pt\/wp-json\/wp\/v2\/types\/post"}],"author":[{"embeddable":true,"href":"https:\/\/www.europesays.com\/pt\/wp-json\/wp\/v2\/users\/2"}],"replies":[{"embeddable":true,"href":"https:\/\/www.europesays.com\/pt\/wp-json\/wp\/v2\/comments?post=134300"}],"version-history":[{"count":0,"href":"https:\/\/www.europesays.com\/pt\/wp-json\/wp\/v2\/posts\/134300\/revisions"}],"wp:featuredmedia":[{"embeddable":true,"href":"https:\/\/www.europesays.com\/pt\/wp-json\/wp\/v2\/media\/134301"}],"wp:attachment":[{"href":"https:\/\/www.europesays.com\/pt\/wp-json\/wp\/v2\/media?parent=134300"}],"wp:term":[{"taxonomy":"category","embeddable":true,"href":"https:\/\/www.europesays.com\/pt\/wp-json\/wp\/v2\/categories?post=134300"},{"taxonomy":"post_tag","embeddable":true,"href":"https:\/\/www.europesays.com\/pt\/wp-json\/wp\/v2\/tags?post=134300"}],"curies":[{"name":"wp","href":"https:\/\/api.w.org\/{rel}","templated":true}]}}