{"id":134308,"date":"2025-10-31T17:38:07","date_gmt":"2025-10-31T17:38:07","guid":{"rendered":"https:\/\/www.europesays.com\/pt\/134308\/"},"modified":"2025-10-31T17:38:07","modified_gmt":"2025-10-31T17:38:07","slug":"cmvm-suspende-accoes-da-impresa-em-bolsa-bolsa","status":"publish","type":"post","link":"https:\/\/www.europesays.com\/pt\/134308\/","title":{"rendered":"CMVM suspende ac\u00e7\u00f5es da Impresa em bolsa | Bolsa"},"content":{"rendered":"<p>A Comiss\u00e3o do Mercado de Valores Mobili\u00e1rios (CMVM) suspendeu a negocia\u00e7\u00e3o das ac\u00e7\u00f5es da Impresa, na tarde desta sexta-feira, 31 de Outubro, aguardando-se a divulga\u00e7\u00e3o de informa\u00e7\u00e3o relevante ao mercado.<\/p>\n<p>&#8220;O conselho de administra\u00e7\u00e3o da Comiss\u00e3o do Mercado de Valores Mobili\u00e1rios determinou no dia 31\/Out.\/2025, pelas 15h36, nos termos do artigo 214\u00ba e da al\u00ednea b) do n.\u00ba 2 do artigo 213\u00ba do C\u00f3digo dos Valores Mobili\u00e1rios, a suspens\u00e3o da negocia\u00e7\u00e3o das ac\u00e7\u00f5es Impresa &#8211; SGPS, SA, aguardando a divulga\u00e7\u00e3o de informa\u00e7\u00e3o relevante ao mercado\u200b&#8221;, refere a supervisora do mercado de capitais em comunicado.<\/p>\n<p>A suspens\u00e3o, j\u00e1 pr\u00f3xima do encerramento do mercado, poder\u00e1 estar relacionada com detalhes quanto \u00e0 opera\u00e7\u00e3o de entrada no capital da <a href=\"https:\/\/www.publico.pt\/2025\/10\/01\/economia\/noticia\/continuidade-impresa-depende-sucesso-operacoes-futuras-2149214\" target=\"_blank\" rel=\"nofollow noopener\">Impresa<\/a> dos italianos da <a href=\"https:\/\/www.publico.pt\/2025\/09\/30\/economia\/noticia\/impresa-continua-disparar-bolsa-expectativa-compra-familia-berlusconi-2149065\" target=\"_blank\" rel=\"nofollow noopener\">MediaForEurope <\/a>(anteriormente designada por Mediaset), da fam\u00edlia Berlusconi.<\/p>\n<p>Esta sexta-feira, a revista S\u00e1bado avan\u00e7a com alegados contornos da opera\u00e7\u00e3o, sem identificar a fonte da informa\u00e7\u00e3o. Entre outras informa\u00e7\u00f5es, d\u00e1 conta que a fam\u00edlia Balsem\u00e3o manter\u00e1, para j\u00e1, o controlo da empresa dona da SIC e do Expresso, entrando a MediaforEurope (MFE) como accionista minorit\u00e1rio, posi\u00e7\u00e3o que dever\u00e1 refor\u00e7ar mais tarde at\u00e9 ao controlo do grupo portugu\u00eas.<\/p>\n<p>Contactada pela S\u00e1bado, fonte oficial da Impresa apenas referiu que o grupo \u201csempre comunicar\u00e1 ao mercado a exist\u00eancia de informa\u00e7\u00e3o relevante, nos termos legalmente previstos\u201d. &#8220;N\u00e3o h\u00e1 qualquer informa\u00e7\u00e3o relevante que deva ser comunicada\u201d, acrescentou a fonte oficial.<\/p>\n<p>As negocia\u00e7\u00f5es com o grupo italiano foram confirmadas oficialmente pelo grupo portugu\u00eas a 28 de Setembro, na sequ\u00eancia tamb\u00e9m da suspens\u00e3o das ac\u00e7\u00f5es, depois de not\u00edcias sobre o eventual neg\u00f3cio.<\/p>\n<p>Em comunicado enviado \u00e0 CMVM naquela data, a Impresa, controlada em 51% pela fam\u00edlia Balsem\u00e3o, adiantava que &#8220;n\u00e3o se encontrava afastada a possibilidade da aquisi\u00e7\u00e3o pela MFE de uma participa\u00e7\u00e3o relevante (directa ou indirecta) para efeitos de controlo na Impresa&#8221;.<\/p>\n<p>Entretanto, em carta enviada esta sexta-feira aos trabalhadores do grupo, a que a Lusa teve acesso, o presidente executivo, Francisco Pedro Balsem\u00e3o, diz que as portas sempre estiveram abertas para parceiros que tragam valores.<\/p>\n<p>&#8220;Como sabem, as nossas portas estiveram sempre abertas para parceiros que nos tragam valor, \u00e0 semelhan\u00e7a do que aconteceu, em v\u00e1rios momentos, desde a cria\u00e7\u00e3o da Impresa&#8221; e &#8220;sobre este tema, apesar de alguns dos nossos concorrentes parecerem estar preocupados perante essa possibilidade, e de certa imprensa lan\u00e7ar continuamente fake news, reitero que qualquer eventual informa\u00e7\u00e3o relevante ser\u00e1 oportunamente comunicada atrav\u00e9s dos canais formais&#8221;, acrescentou o respons\u00e1vel.<\/p>\n<p>A Impresa foi fundada por <a href=\"https:\/\/www.publico.pt\/2025\/10\/21\/politica\/noticia\/pinto-balsemao-19372025-liberal-patrao-media-2151697\" rel=\"nofollow noopener\" target=\"_blank\">Francisco Pinto Balsem\u00e3o<\/a>, que morreu no passado dia 21 de Outubro, aos 88 anos.<\/p>\n","protected":false},"excerpt":{"rendered":"A Comiss\u00e3o do Mercado de Valores Mobili\u00e1rios (CMVM) suspendeu a negocia\u00e7\u00e3o das ac\u00e7\u00f5es da Impresa, na tarde desta&hellip;\n","protected":false},"author":2,"featured_media":134309,"comment_status":"","ping_status":"","sticky":false,"template":"","format":"standard","meta":{"footnotes":""},"categories":[83],"tags":[7273,88,7821,476,89,90,22361,97,32,33],"class_list":{"0":"post-134308","1":"post","2":"type-post","3":"status-publish","4":"format-standard","5":"has-post-thumbnail","7":"category-empresas","8":"tag-bolsa","9":"tag-business","10":"tag-cmvm","11":"tag-economia","12":"tag-economy","13":"tag-empresas","14":"tag-impresa","15":"tag-mercados","16":"tag-portugal","17":"tag-pt"},"share_on_mastodon":{"url":"https:\/\/pubeurope.com\/@pt\/115470002139904202","error":""},"_links":{"self":[{"href":"https:\/\/www.europesays.com\/pt\/wp-json\/wp\/v2\/posts\/134308","targetHints":{"allow":["GET"]}}],"collection":[{"href":"https:\/\/www.europesays.com\/pt\/wp-json\/wp\/v2\/posts"}],"about":[{"href":"https:\/\/www.europesays.com\/pt\/wp-json\/wp\/v2\/types\/post"}],"author":[{"embeddable":true,"href":"https:\/\/www.europesays.com\/pt\/wp-json\/wp\/v2\/users\/2"}],"replies":[{"embeddable":true,"href":"https:\/\/www.europesays.com\/pt\/wp-json\/wp\/v2\/comments?post=134308"}],"version-history":[{"count":0,"href":"https:\/\/www.europesays.com\/pt\/wp-json\/wp\/v2\/posts\/134308\/revisions"}],"wp:featuredmedia":[{"embeddable":true,"href":"https:\/\/www.europesays.com\/pt\/wp-json\/wp\/v2\/media\/134309"}],"wp:attachment":[{"href":"https:\/\/www.europesays.com\/pt\/wp-json\/wp\/v2\/media?parent=134308"}],"wp:term":[{"taxonomy":"category","embeddable":true,"href":"https:\/\/www.europesays.com\/pt\/wp-json\/wp\/v2\/categories?post=134308"},{"taxonomy":"post_tag","embeddable":true,"href":"https:\/\/www.europesays.com\/pt\/wp-json\/wp\/v2\/tags?post=134308"}],"curies":[{"name":"wp","href":"https:\/\/api.w.org\/{rel}","templated":true}]}}