{"id":134310,"date":"2025-10-31T17:39:12","date_gmt":"2025-10-31T17:39:12","guid":{"rendered":"https:\/\/www.europesays.com\/pt\/134310\/"},"modified":"2025-10-31T17:39:12","modified_gmt":"2025-10-31T17:39:12","slug":"retrocesso-sem-precedentes-letonia-quer-abandonar-tratado-que-protege-mulheres-da-violencia","status":"publish","type":"post","link":"https:\/\/www.europesays.com\/pt\/134310\/","title":{"rendered":"&#8220;Retrocesso sem precedentes&#8221;. Let\u00f3nia quer abandonar tratado que protege mulheres da viol\u00eancia"},"content":{"rendered":"<p>                Conhecido como Conven\u00e7\u00e3o de Istambul, este tratado de 2011 exige aos governos que desenvolvam leis e servi\u00e7os de apoio para p\u00f4r fim \u00e0 viol\u00eancia.<\/p>\n<p>O acordo come\u00e7ou a ser aplicado na Let\u00f3nia no ano passado e, agora, este <b>tornou-se o primeiro pa\u00eds da Uni\u00e3o Europeia a votar para o abandonar<\/b>. A Turquia retirou-se em 2021, numa decis\u00e3o descrita pelo Conselho da Europa como um \u201cenorme retrocesso\u201d.<\/p>\n<p>O tratado foi ratificado pela UE em 2023, mas grupos ultraconservadores t\u00eam vindo a argumentar que o foco na igualdade de g\u00e9nero prejudica os valores familiares e promove a \u201cideologia de g\u00e9nero\u201d.<\/p>\n<p>Esta sexta-feira, ap\u00f3s um debate de aproximadamente 13 horas, <b>56 deputados da Let\u00f3nia votaram favoravelmente e 32 contra a retirada do tratado<\/b>, numa iniciativa promovida pelos partidos da oposi\u00e7\u00e3o.<\/p>\n<p>A primeira-ministra de centro-direita, Evika Silina, considerou que o resultado um retrocesso. \u201cN\u00e3o vamos desistir, vamos lutar para que a viol\u00eancia n\u00e3o ven\u00e7a\u201d, declarou, depois de no in\u00edcio da semana se ter juntado aos manifestantes no exterior do Parlamento.<\/p>\n<p>O presidente da Assembleia Parlamentar do Conselho da Europa, Theodoros Rousopoulos, considerou que a Let\u00f3nia tomou uma decis\u00e3o precipitada e alimentada por desinforma\u00e7\u00e3o. <\/p>\n<p><b>\u201c\u00c9 um retrocesso sem precedentes e profundamente preocupante para os direitos das mulheres e os Direitos Humanos na Europa\u201d<\/b>, declarou, alertando que os casos de feminic\u00eddio e viol\u00eancia contra mulheres aumentaram drasticamente na Turquia desde que esta abandonou o tratado, h\u00e1 quatro anos.<\/p>\n<p>O presidente da Let\u00f3nia, Edgars Rinkevics, disse na rede social X que vai avaliar a decis\u00e3o \u00e0 luz da Constitui\u00e7\u00e3o, \u201cpesando os aspetos estatais e legais e n\u00e3o ideol\u00f3gicos ou pol\u00edticos\u201d.<\/p>\n<p>c\/ ag\u00eancias&#13;\n            <\/p>\n","protected":false},"excerpt":{"rendered":"Conhecido como Conven\u00e7\u00e3o de Istambul, este tratado de 2011 exige aos governos que desenvolvam leis e servi\u00e7os de&hellip;\n","protected":false},"author":2,"featured_media":134311,"comment_status":"","ping_status":"","sticky":false,"template":"","format":"standard","meta":{"footnotes":""},"categories":[50],"tags":[27,28,30301,15,16,14,25,26,15625,21,22,62,12,13,19,20,23,24,17,18,29,30,31,3097,63,64,65],"class_list":{"0":"post-134310","1":"post","2":"type-post","3":"status-publish","4":"format-standard","5":"has-post-thumbnail","7":"category-mundo","8":"tag-breaking-news","9":"tag-breakingnews","10":"tag-edgars-rinkevics","11":"tag-featured-news","12":"tag-featurednews","13":"tag-headlines","14":"tag-latest-news","15":"tag-latestnews","16":"tag-letonia","17":"tag-main-news","18":"tag-mainnews","19":"tag-mundo","20":"tag-news","21":"tag-noticias","22":"tag-noticias-principais","23":"tag-noticiasprincipais","24":"tag-principais-noticias","25":"tag-principaisnoticias","26":"tag-top-stories","27":"tag-topstories","28":"tag-ultimas","29":"tag-ultimas-noticias","30":"tag-ultimasnoticias","31":"tag-violencia","32":"tag-world","33":"tag-world-news","34":"tag-worldnews"},"share_on_mastodon":{"url":"https:\/\/pubeurope.com\/@pt\/115470006073191033","error":""},"_links":{"self":[{"href":"https:\/\/www.europesays.com\/pt\/wp-json\/wp\/v2\/posts\/134310","targetHints":{"allow":["GET"]}}],"collection":[{"href":"https:\/\/www.europesays.com\/pt\/wp-json\/wp\/v2\/posts"}],"about":[{"href":"https:\/\/www.europesays.com\/pt\/wp-json\/wp\/v2\/types\/post"}],"author":[{"embeddable":true,"href":"https:\/\/www.europesays.com\/pt\/wp-json\/wp\/v2\/users\/2"}],"replies":[{"embeddable":true,"href":"https:\/\/www.europesays.com\/pt\/wp-json\/wp\/v2\/comments?post=134310"}],"version-history":[{"count":0,"href":"https:\/\/www.europesays.com\/pt\/wp-json\/wp\/v2\/posts\/134310\/revisions"}],"wp:featuredmedia":[{"embeddable":true,"href":"https:\/\/www.europesays.com\/pt\/wp-json\/wp\/v2\/media\/134311"}],"wp:attachment":[{"href":"https:\/\/www.europesays.com\/pt\/wp-json\/wp\/v2\/media?parent=134310"}],"wp:term":[{"taxonomy":"category","embeddable":true,"href":"https:\/\/www.europesays.com\/pt\/wp-json\/wp\/v2\/categories?post=134310"},{"taxonomy":"post_tag","embeddable":true,"href":"https:\/\/www.europesays.com\/pt\/wp-json\/wp\/v2\/tags?post=134310"}],"curies":[{"name":"wp","href":"https:\/\/api.w.org\/{rel}","templated":true}]}}