{"id":134314,"date":"2025-10-31T17:41:36","date_gmt":"2025-10-31T17:41:36","guid":{"rendered":"https:\/\/www.europesays.com\/pt\/134314\/"},"modified":"2025-10-31T17:41:36","modified_gmt":"2025-10-31T17:41:36","slug":"o-cumprimento-entre-rui-costa-e-noronha-lopes-apos-o-debate-maisfutebol","status":"publish","type":"post","link":"https:\/\/www.europesays.com\/pt\/134314\/","title":{"rendered":"O cumprimento entre Rui Costa e Noronha Lopes ap\u00f3s o debate &#8211; Maisfutebol"},"content":{"rendered":"<ol>\n<li><a href=\"https:\/\/news.google.com\/rss\/articles\/CBMiugFBVV95cUxQSnZDZlhRQ2UwRlRGRVk4QTZ3RXV3eVlIMWcycGNvZzMyWWN2elk3QjZyQ0VVNktQVTFFSzN1TVktazNKQWxCWHV0Q0tVd2R1bmprcUZvN2pqX20xMnRmRm5nR1BCWjBHZzViVllnRGR1Q01HYkdwNlQ3Tk5LejNLbGxPWkhWbVgwUFVFYzdkNTZSQUpVLUJMV1NsbUZ0UDduc3RRM3lfMEZUQzVEWW5IOGtoYlRiVHBZSnc?oc=5\" target=\"_blank\" rel=\"nofollow noopener\">O cumprimento entre Rui Costa e Noronha Lopes ap\u00f3s o debate<\/a>&nbsp;&nbsp;Maisfutebol<\/li>\n<li><a href=\"https:\/\/news.google.com\/rss\/articles\/CBMisAFBVV95cUxPbUk2YkpMbmhpWnE4bGNEZ3JGTjZyazFYcHUzQmZkVFRhR19jVkNnRDNrM3RDNUlLOVRjNGNsTkJrMnZWcGVWUXFtQS0yazNPRlJ6d2VqVFRpT0pEcE92U0pqTlJOVThlWXRZUUtDR1Ytd1NqVll1TVc5R3JFQnVQMnJGalBXUUVCazRfWHAtckd0anloOF9uVDBqRHpRTEpZNEQ0Y2lvNmlKb2t2eTBIZA?oc=5\" target=\"_blank\" rel=\"nofollow noopener\">Rui Costa vs Noronha Lopes. O debate para a Presid\u00eancia do Benfica<\/a>&nbsp;&nbsp;RTP<\/li>\n<li><a href=\"https:\/\/news.google.com\/rss\/articles\/CBMi5gFBVV95cUxQQm1adFBKNjAyWWgtamtWbHpNZGVQRGhIRm9IV29IaXdGRXFuTFVfUkFla3d6OUJZVXB3ZUpleHRxWnJWYTZoVWxjaGQybk9MOTE5Y1U5eUpZUl9xQWhWNHFGWEoyNHpyeUFBd215RnRZRXR6TEk4dmo1dlllWVNBZWxYZ2NuUElweExmTXJSSFJueU5zQkJvdHhJOUxyZWtYdWtEVjNRWF9OX1RGVmlsd2xtZ1RocVVYVFcyV0lsSnhuUE1Uc1BYTWxzS2hRVWxTLVIwSEZLaGE0SGgxVmpCem5jbXNadw?oc=5\" target=\"_blank\" rel=\"nofollow noopener\">A maior vit\u00f3ria das elei\u00e7\u00f5es que n\u00e3o precisa de uma segunda volta: o que sobra do recorde mundial do Benfica<\/a>&nbsp;&nbsp;Observador<\/li>\n<li><a href=\"https:\/\/news.google.com\/rss\/articles\/CBMivgFBVV95cUxPVTZ6WUREVzFfNTk5cWV2a3RxSVZwV3dFZTZBM3ExN0lKUUlFdlZOS2lIUmx2Tkh5bjZlR2FNNG5pN3ZiZFRpN19mckpsYUx1dFlDOUlWQlllY2ZkYzg0QmFJV1gtTTlfNjdiTDN5bkduNHRfN2dyTl9iUy1VZzhPVzRfcWtGano0b2Z2VjVoZ1FURHVmMnRnV1d2Sk03S25abkVvR3J0b0NxTmk0d3ZzMk9aOTRNQ3dyZlcxUFRB?oc=5\" target=\"_blank\" rel=\"nofollow noopener\">Rui Costa confia em mais votos e Noronha assume partir atr\u00e1s no Benfica<\/a>&nbsp;&nbsp;Not\u00edcias ao Minuto<\/li>\n<li><a href=\"https:\/\/news.google.com\/rss\/articles\/CBMi0AFBVV95cUxObm9fdE9Hcmx1NFRoNWt6UG8zX1BoYjhGbG5jS25QUzgzLWJyTzlyTS0zZTI4RDBEXzZ2WVJ5OXRwVzJ2QndvYlFtakZBU2djMF9idnJjOWh1UXV6U2hucUlZVUhoa3VVcE1mOXFETzBtYjhRM19ZV2VaY1ZXaVVBV29ZeExwU2dqN0pjZ3kwS0J0a05nMzYwM2dEYkZnVjl1Y2ZSMkhrbkVySmdBQi1iVUZ0Smx5aEJyVVhNX2NGZVJsZXlYcUIwdzRGUnp4TUlp?oc=5\" target=\"_blank\" rel=\"nofollow noopener\">Noronha Lopes condena palavras de \u00abvice\u00bb de Rui Costa: \u00abEstou farto das burrices&#8230;\u00bb<\/a>&nbsp;&nbsp;CNN Portugal<\/li>\n<\/ol>\n","protected":false},"excerpt":{"rendered":"O cumprimento entre Rui Costa e Noronha Lopes ap\u00f3s o debate&nbsp;&nbsp;Maisfutebol Rui Costa vs Noronha Lopes. O debate&hellip;\n","protected":false},"author":2,"featured_media":134315,"comment_status":"","ping_status":"","sticky":false,"template":"","format":"standard","meta":{"footnotes":""},"categories":[8],"tags":[51,27,28,135,15,16,524,14,25,26,21,22,46,12,15081,13,19,20,32,23,24,33,47,6058,17,18,29,30,31],"class_list":{"0":"post-134314","1":"post","2":"type-post","3":"status-publish","4":"format-standard","5":"has-post-thumbnail","7":"category-principais-noticias","8":"tag-benfica","9":"tag-breaking-news","10":"tag-breakingnews","11":"tag-desporto","12":"tag-featured-news","13":"tag-featurednews","14":"tag-futebol","15":"tag-headlines","16":"tag-latest-news","17":"tag-latestnews","18":"tag-main-news","19":"tag-mainnews","20":"tag-maisfutebol","21":"tag-news","22":"tag-noronha-lopes","23":"tag-noticias","24":"tag-noticias-principais","25":"tag-noticiasprincipais","26":"tag-portugal","27":"tag-principais-noticias","28":"tag-principaisnoticias","29":"tag-pt","30":"tag-pura-paixao","31":"tag-rui-costa","32":"tag-top-stories","33":"tag-topstories","34":"tag-ultimas","35":"tag-ultimas-noticias","36":"tag-ultimasnoticias"},"share_on_mastodon":{"url":"https:\/\/pubeurope.com\/@pt\/115470013844000929","error":""},"_links":{"self":[{"href":"https:\/\/www.europesays.com\/pt\/wp-json\/wp\/v2\/posts\/134314","targetHints":{"allow":["GET"]}}],"collection":[{"href":"https:\/\/www.europesays.com\/pt\/wp-json\/wp\/v2\/posts"}],"about":[{"href":"https:\/\/www.europesays.com\/pt\/wp-json\/wp\/v2\/types\/post"}],"author":[{"embeddable":true,"href":"https:\/\/www.europesays.com\/pt\/wp-json\/wp\/v2\/users\/2"}],"replies":[{"embeddable":true,"href":"https:\/\/www.europesays.com\/pt\/wp-json\/wp\/v2\/comments?post=134314"}],"version-history":[{"count":0,"href":"https:\/\/www.europesays.com\/pt\/wp-json\/wp\/v2\/posts\/134314\/revisions"}],"wp:featuredmedia":[{"embeddable":true,"href":"https:\/\/www.europesays.com\/pt\/wp-json\/wp\/v2\/media\/134315"}],"wp:attachment":[{"href":"https:\/\/www.europesays.com\/pt\/wp-json\/wp\/v2\/media?parent=134314"}],"wp:term":[{"taxonomy":"category","embeddable":true,"href":"https:\/\/www.europesays.com\/pt\/wp-json\/wp\/v2\/categories?post=134314"},{"taxonomy":"post_tag","embeddable":true,"href":"https:\/\/www.europesays.com\/pt\/wp-json\/wp\/v2\/tags?post=134314"}],"curies":[{"name":"wp","href":"https:\/\/api.w.org\/{rel}","templated":true}]}}