{"id":134318,"date":"2025-10-31T17:45:13","date_gmt":"2025-10-31T17:45:13","guid":{"rendered":"https:\/\/www.europesays.com\/pt\/134318\/"},"modified":"2025-10-31T17:45:13","modified_gmt":"2025-10-31T17:45:13","slug":"novos-detalhes-do-fim-da-amizade-entre-catarina-miranda-e-sergio-duarte-ha-coisas-que-valem-mais-do-que-o-dinheiro-secret-story","status":"publish","type":"post","link":"https:\/\/www.europesays.com\/pt\/134318\/","title":{"rendered":"Novos detalhes do fim da amizade entre Catarina Miranda e S\u00e9rgio Duarte: \u201cH\u00e1 coisas que valem mais do que o dinheiro\u201d &#8211; Secret Story"},"content":{"rendered":"<p data-end=\"747\" data-start=\"419\">A amizade entre <a href=\"https:\/\/tvi.iol.pt\/secretstory\/search?pagina=1&amp;pesquisa=catarina+miranda\" rel=\"nofollow noopener\" target=\"_blank\"><strong data-end=\"455\" data-start=\"435\">Catarina Miranda<\/strong><\/a> e <a href=\"https:\/\/tvi.iol.pt\/secretstory\/search?pagina=1&amp;pesquisa=s%C3%A9rgio+duarte\" rel=\"nofollow noopener\" target=\"_blank\"><strong data-end=\"475\" data-start=\"458\">S\u00e9rgio Duarte<\/strong><\/a>, que parecia s\u00f3lida mesmo ap\u00f3s a sa\u00edda do <a href=\"https:\/\/tvi.iol.pt\/bigbrother\/\" rel=\"nofollow noopener\" target=\"_blank\">Big Brother 2024<\/a>, chegou ao fim \u2014 e tudo por causa de uma loja online. A <strong data-end=\"605\" data-start=\"593\">\u2018VanCat\u2019<\/strong>, agora rebatizada como <strong data-end=\"644\" data-start=\"629\">\u2018Cale Shop\u2019<\/strong>, foi o ponto de rutura que ditou o afastamento entre os dois ex-concorrentes do reality show da TVI.<\/p>\n<p data-end=\"1074\" data-start=\"749\">Ambos recorreram \u00e0s redes sociais no passado domingo, <strong data-end=\"820\" data-start=\"803\">26 de outubro<\/strong>, para emitir comunicados separados, explicando os motivos que levaram \u00e0 zanga.<\/p>\n<p data-end=\"1074\" data-start=\"749\"><strong>Veja, em baixo, os respetivos comunicados.\u00a0<\/strong><\/p>\n<p data-end=\"1074\" data-start=\"749\">\u00a0<\/p>\n<p data-end=\"1074\" data-start=\"749\"><img loading=\"lazy\" decoding=\"async\" alt=\"Comunicado de S\u00e9rgio Duarte sobre Catarina Miranda\" height=\"1759\" src=\"https:\/\/www.europesays.com\/pt\/wp-content\/uploads\/2025\/10\/1761932712_919_1000.webp\" width=\"1000\"\/><\/p>\n<p data-end=\"1074\" data-start=\"749\">\u00a0<\/p>\n<p data-end=\"1074\" data-start=\"749\"><img loading=\"lazy\" decoding=\"async\" alt=\"Comunicado de Catarina Miranda sobre S\u00e9rgio Duarte\" height=\"1778\" src=\"https:\/\/www.europesays.com\/pt\/wp-content\/uploads\/2025\/10\/1761932712_715_1000.webp\" width=\"1000\"\/><\/p>\n<p data-end=\"1074\" data-start=\"749\">\u00a0<\/p>\n<p data-end=\"1074\" data-start=\"749\">Mas, em declara\u00e7\u00f5es exclusivas \u00e0 revista TV 7 Dias, <strong>S\u00e9rgio Duarte revelou novos detalhes<\/strong> sobre o que realmente aconteceu \u2014 e deixou claro que n\u00e3o tenciona voltar atr\u00e1s.<\/p>\n<blockquote data-end=\"1369\" data-start=\"1076\">\n<p data-end=\"1369\" data-start=\"1078\">\u201cSe fosse pelo dinheiro, eu j\u00e1 me tinha \u2018vendido\u2019 ao meu pai, que tem muito dinheiro no Brasil, e nunca o fiz. N\u00e3o quero enquanto ele n\u00e3o conhecer as minhas filhas. H\u00e1 coisas que t\u00eam valor acima do dinheiro\u201d, afirmou o empres\u00e1rio, sublinhando que o tema financeiro foi o que mais o magoou.<\/p>\n<\/blockquote>\n<p data-end=\"1503\" data-start=\"1371\">S\u00e9rgio Duarte confessou ainda que <strong data-end=\"1431\" data-start=\"1398\">n\u00e3o esperava o fim da amizade<\/strong>, especialmente pela proximidade que Catarina Miranda tinha com a sua fam\u00edlia.<\/p>\n<blockquote data-end=\"1677\" data-start=\"1504\">\n<p data-end=\"1677\" data-start=\"1506\">\u201cA Catarina era como uma irm\u00e3. Esteve v\u00e1rias vezes em minha casa, \u00e0 mesa com a minha fam\u00edlia e com a fam\u00edlia da Vanda. As minhas filhas tratavam-na por \u2018tia\u2019\u201d, recordou.<\/p>\n<\/blockquote>\n<p data-end=\"1845\" data-start=\"1679\">Apesar da desilus\u00e3o, o ex-concorrente revelou que sempre se mostrou <strong data-end=\"1810\" data-start=\"1747\">dispon\u00edvel para ajudar Catarina Miranda e o namorado, Afonso Leit\u00e3o<\/strong>, oferecendo-lhes inclusive casa.<\/p>\n<blockquote data-end=\"2008\" data-start=\"1846\">\n<p data-end=\"2008\" data-start=\"1848\">\u201cSinto-me feliz de ter feito isto por uma amiga e por uma pessoa que gostei de conhecer. Dei-lhes a possibilidade de estarem sempre juntos, n\u00e3o \u00e9?\u201d, explicou.<\/p>\n<\/blockquote>\n<p data-end=\"2135\" data-start=\"2010\">S\u00e9rgio Duarte adiantou tamb\u00e9m que <strong data-end=\"2093\" data-start=\"2037\">Catarina Miranda e Afonso Leit\u00e3o tinham total liberdade na sua casa<\/strong>, podendo entrar e sair a qualquer hora:<\/p>\n<blockquote>\n<p data-end=\"2135\" data-start=\"2010\">\u201cFossem tr\u00eas, quatro ou cinco da manh\u00e3.\u201d<\/p>\n<\/blockquote>\n<p data-end=\"2383\" data-start=\"2182\">Com estas declara\u00e7\u00f5es, S\u00e9rgio Duarte coloca um ponto final definitivo numa amizade que nasceu dentro da casa mais vigiada do pa\u00eds, mas que, fora dela, acabou por ruir entre desentendimentos e m\u00e1goas.<\/p>\n","protected":false},"excerpt":{"rendered":"A amizade entre Catarina Miranda e S\u00e9rgio Duarte, que parecia s\u00f3lida mesmo ap\u00f3s a sa\u00edda do Big Brother&hellip;\n","protected":false},"author":2,"featured_media":134319,"comment_status":"","ping_status":"","sticky":false,"template":"","format":"standard","meta":{"footnotes":""},"categories":[142],"tags":[18706,48,342,114,115,18705,30302,32,33,1014,5068,151,162,18704],"class_list":{"0":"post-134318","1":"post","2":"type-post","3":"status-publish","4":"format-standard","5":"has-post-thumbnail","7":"category-tv","8":"tag-bastidores-secret-story","9":"tag-big-brother","10":"tag-catarina-miranda","11":"tag-entertainment","12":"tag-entretenimento","13":"tag-entrevistas-concorrentes-tvi","14":"tag-ex-concorrentes","15":"tag-portugal","16":"tag-pt","17":"tag-reality-show","18":"tag-sergio-duarte","19":"tag-tv","20":"tag-tvi","21":"tag-vida-fora-da-casa"},"share_on_mastodon":{"url":"https:\/\/pubeurope.com\/@pt\/115470029718448604","error":""},"_links":{"self":[{"href":"https:\/\/www.europesays.com\/pt\/wp-json\/wp\/v2\/posts\/134318","targetHints":{"allow":["GET"]}}],"collection":[{"href":"https:\/\/www.europesays.com\/pt\/wp-json\/wp\/v2\/posts"}],"about":[{"href":"https:\/\/www.europesays.com\/pt\/wp-json\/wp\/v2\/types\/post"}],"author":[{"embeddable":true,"href":"https:\/\/www.europesays.com\/pt\/wp-json\/wp\/v2\/users\/2"}],"replies":[{"embeddable":true,"href":"https:\/\/www.europesays.com\/pt\/wp-json\/wp\/v2\/comments?post=134318"}],"version-history":[{"count":0,"href":"https:\/\/www.europesays.com\/pt\/wp-json\/wp\/v2\/posts\/134318\/revisions"}],"wp:featuredmedia":[{"embeddable":true,"href":"https:\/\/www.europesays.com\/pt\/wp-json\/wp\/v2\/media\/134319"}],"wp:attachment":[{"href":"https:\/\/www.europesays.com\/pt\/wp-json\/wp\/v2\/media?parent=134318"}],"wp:term":[{"taxonomy":"category","embeddable":true,"href":"https:\/\/www.europesays.com\/pt\/wp-json\/wp\/v2\/categories?post=134318"},{"taxonomy":"post_tag","embeddable":true,"href":"https:\/\/www.europesays.com\/pt\/wp-json\/wp\/v2\/tags?post=134318"}],"curies":[{"name":"wp","href":"https:\/\/api.w.org\/{rel}","templated":true}]}}