{"id":134324,"date":"2025-10-31T17:49:10","date_gmt":"2025-10-31T17:49:10","guid":{"rendered":"https:\/\/www.europesays.com\/pt\/134324\/"},"modified":"2025-10-31T17:49:10","modified_gmt":"2025-10-31T17:49:10","slug":"prefeitura-de-volta-redonda-entrega-unidade-de-saude-do-bairro-agua-limpa-totalmente-revitalizada-a-populacao","status":"publish","type":"post","link":"https:\/\/www.europesays.com\/pt\/134324\/","title":{"rendered":"Prefeitura de Volta Redonda entrega unidade de sa\u00fade do bairro \u00c1gua Limpa totalmente revitalizada \u00e0 popula\u00e7\u00e3o"},"content":{"rendered":"<p><img decoding=\"async\" src=\"https:\/\/www.europesays.com\/pt\/wp-content\/uploads\/2025\/10\/UBSF_SMS.jpeg\" alt=\"\"\/><\/p>\n<p style=\"text-align: center;\">Ap\u00f3s obras de melhorias, UBSF Jos\u00e9 Ribeiro de Souza Junior vai atender cerca de 11,7 mil moradores com mais conforto e qualidade<\/p>\n<p>A Prefeitura de Volta Redonda entregou \u00e0 popula\u00e7\u00e3o nesta sexta-feira, dia 31, a Unidade B\u00e1sica de Sa\u00fade da Fam\u00edlia (UBSF) Jos\u00e9 Ribeiro de Souza Junior, localizada no bairro \u00c1gua Limpa I, ap\u00f3s passar por uma revitaliza\u00e7\u00e3o com investimento de R$ 70.246,53. As melhorias inclu\u00edram pintura interna e externa, revis\u00e3o da cobertura, polimento e limpeza do piso dos dois pavimentos, reparos em forros de gesso e troca de azulejos, garantindo mais conforto e qualidade estrutural, tanto para a popula\u00e7\u00e3o quanto para as equipes de Sa\u00fade da Fam\u00edlia.<\/p>\n<p>Durante a cerim\u00f4nia de entrega, o prefeito Antonio Francisco Neto agradeceu \u00e0s equipes da Sa\u00fade e destacou a import\u00e2ncia da parceria com a C\u00e2mara Municipal. &#8220;Sou muito grato \u00e0 C\u00e2mara Municipal, \u00e0 secret\u00e1ria M\u00e1rcia Cury e a toda a equipe da Sa\u00fade. Hoje temos m\u00e9dicos em todas as 46 unidades e uma gest\u00e3o aberta, transparente e comprometida com o bem-estar da popula\u00e7\u00e3o. Agrade\u00e7o tamb\u00e9m ao deputado estadual Munir Neto pelo apoio, e \u00e0 comunidade da \u00c1gua Limpa, que sempre nos recebe com carinho. Vamos continuar trabalhando para oferecer cada vez mais qualidade de vida aos moradores de Volta Redonda&#8221;, afirmou o prefeito.<\/p>\n<p>Entre os espa\u00e7os dispon\u00edveis na nova unidade est\u00e3o seis consult\u00f3rios (dois de ginecologia, um de odontologia e tr\u00eas de atendimento m\u00e9dico), sala de integra\u00e7\u00e3o de equipe, sala de vacina\u00e7\u00e3o, sala de procedimentos, sala de eletrocardiografia, dispens\u00e1rio de medicamentos, dois sanit\u00e1rios acess\u00edveis, copa, \u00e1rea de esteriliza\u00e7\u00e3o e almoxarifado.<\/p>\n<p>A secret\u00e1ria municipal de Sa\u00fade, M\u00e1rcia Cury, ressaltou o papel da Aten\u00e7\u00e3o Prim\u00e1ria e o avan\u00e7o dos servi\u00e7os oferecidos \u00e0 popula\u00e7\u00e3o. &#8220;\u00c9 mais uma obra entregue com muito carinho e amor. A Aten\u00e7\u00e3o Prim\u00e1ria \u00e9 o carro-chefe da Sa\u00fade, \u00e9 onde o SUS (Sistema \u00danico de Sa\u00fade) come\u00e7a e onde precisamos fortalecer a preven\u00e7\u00e3o e a promo\u00e7\u00e3o da sa\u00fade. Volta Redonda tem avan\u00e7ado muito, e queremos seguir ampliando os atendimentos com qualidade, carinho e respeito. Agrade\u00e7o a toda a equipe, aos coordenadores e profissionais que n\u00e3o medem esfor\u00e7os para garantir o melhor \u00e0 popula\u00e7\u00e3o&#8221;, ressaltou a secret\u00e1ria.<\/p>\n<p>O deputado estadual Munir Neto elogiou o trabalho realizado pela prefeitura e a dedica\u00e7\u00e3o dos profissionais de sa\u00fade. &#8220;A Sa\u00fade de Volta Redonda \u00e9 uma refer\u00eancia, e isso se deve ao olhar do prefeito e \u00e0 compet\u00eancia da equipe liderada pela secret\u00e1ria M\u00e1rcia Cury. O munic\u00edpio \u00e9 tamb\u00e9m destaque nacional na assist\u00eancia social, com o maior n\u00famero de Cras proporcionalmente no pa\u00eds. Estou \u00e0 disposi\u00e7\u00e3o para continuar somando e contribuindo com os avan\u00e7os da cidade. Parab\u00e9ns a todos os envolvidos&#8221;, destacou o parlamentar.<\/p>\n<p>A gerente da unidade, S\u00f4nia Aparecida Vieira Lima, agradeceu a revitaliza\u00e7\u00e3o e destacou os benef\u00edcios da reforma. &#8220;Estamos muito felizes pela reforma da nossa unidade. Ela vai trazer muitos benef\u00edcios para a popula\u00e7\u00e3o e para os nossos profissionais de sa\u00fade, com mais conforto e agilidade no atendimento. Agrade\u00e7o ao prefeito, \u00e0 secret\u00e1ria M\u00e1rcia Cury, aos coordenadores e, principalmente, \u00e0 equipe que enfrentou desafios, deslocamentos e mudan\u00e7as de rotina, mas manteve o acolhimento e o carinho com a popula\u00e7\u00e3o&#8221;, disse S\u00f4nia.<\/p>\n<p><strong>Unidade atende mais de 11 mil cidad\u00e3os<\/strong><\/p>\n<p>A unidade conta com tr\u00eas equipes de Estrat\u00e9gia de Sa\u00fade da Fam\u00edlia (ESF) e atende uma \u00e1rea de abrang\u00eancia de 11.788 habitantes, oferecendo consultas m\u00e9dicas, de enfermagem e odontol\u00f3gicas, vacina\u00e7\u00e3o, acompanhamento de gestantes, hipertensos e diab\u00e9ticos, al\u00e9m de a\u00e7\u00f5es cont\u00ednuas de promo\u00e7\u00e3o, preven\u00e7\u00e3o, tratamento, vigil\u00e2ncia e reabilita\u00e7\u00e3o em sa\u00fade.<\/p>\n<p>As a\u00e7\u00f5es de promo\u00e7\u00e3o da sa\u00fade realizadas na unidade incluem educa\u00e7\u00e3o em sa\u00fade sobre alimenta\u00e7\u00e3o saud\u00e1vel, pr\u00e1tica de atividade f\u00edsica, higiene e sa\u00fade bucal, incentivo a h\u00e1bitos de vida saud\u00e1veis, a\u00e7\u00f5es comunit\u00e1rias com escolas, associa\u00e7\u00f5es e o Centro de Refer\u00eancia de Assist\u00eancia Social (Cras), al\u00e9m de campanhas de vacina\u00e7\u00e3o e preven\u00e7\u00e3o de doen\u00e7as.<\/p>\n<p>J\u00e1 a preven\u00e7\u00e3o de doen\u00e7as abrange imuniza\u00e7\u00e3o, rastreamento e detec\u00e7\u00e3o precoce de condi\u00e7\u00f5es como c\u00e2ncer, hipertens\u00e3o e diabetes, acompanhamento do crescimento infantil, pr\u00e9-natal, puerp\u00e9rio e planejamento familiar, al\u00e9m de coleta de sangue e exames de eletrocardiografia.<\/p>\n<p>O tratamento e acompanhamento envolvem consultas m\u00e9dicas, de enfermagem e odontol\u00f3gicas, acompanhamento de condi\u00e7\u00f5es cr\u00f4nicas, administra\u00e7\u00e3o de medicamentos e curativos, atendimento a intercorr\u00eancias de baixa complexidade e encaminhamentos para outros n\u00edveis de aten\u00e7\u00e3o, quando necess\u00e1rio.<\/p>\n<p>A vigil\u00e2ncia em sa\u00fade \u00e9 realizada por meio de visitas domiciliares dos Agentes Comunit\u00e1rios de Sa\u00fade (ACS), monitoramento de gestantes de alto risco, acamados e surtos, e notifica\u00e7\u00e3o de agravos \u00e0 vigil\u00e2ncia epidemiol\u00f3gica. J\u00e1 as a\u00e7\u00f5es de reabilita\u00e7\u00e3o e cuidados continuados incluem orienta\u00e7\u00f5es e acompanhamento de pacientes com limita\u00e7\u00f5es f\u00edsicas ou mentais, com encaminhamentos para fisioterapia, fonoaudiologia ou outros servi\u00e7os especializados quando dispon\u00edveis.<\/p>\n<p>A presidente do Conselho Municipal de Sa\u00fade, Maria do Carmo Carbojim, ressaltou a transpar\u00eancia e a parceria com a Secretaria de Sa\u00fade. \u201cTemos trabalhado juntos com a secret\u00e1ria M\u00e1rcia Cury na busca por melhorias para a sa\u00fade do munic\u00edpio. O conselho \u00e9 formado por volunt\u00e1rios e tem conquistado acesso a informa\u00e7\u00f5es e espa\u00e7os de di\u00e1logo que antes n\u00e3o existiam. Isso fortalece nossas a\u00e7\u00f5es e nos permite contribuir ainda mais para o avan\u00e7o da sa\u00fade em Volta Redonda&#8221;, afirmou.<\/p>\n<p>O presidente da Associa\u00e7\u00e3o de Moradores do bairro \u00c1gua Limpa, Neandro Chaves, tamb\u00e9m comemorou a entrega. &#8220;Fico muito feliz de ver essa reforma ter acontecido. Sabemos que a sa\u00fade vem avan\u00e7ando, e que ainda h\u00e1 muito a fazer, mas reconhecemos o esfor\u00e7o dessa equipe. Agrade\u00e7o ao prefeito pela obra e \u00e0 equipe da unidade, que agora tem um espa\u00e7o melhor para atender \u00e0 popula\u00e7\u00e3o com efici\u00eancia. Parab\u00e9ns a todos&#8221;, disse Neandro.<\/p>\n<p>Fotos de Adriana C\u00f3pio \u2013 Secom\/PMVR.<\/p>\n<p>\t\t\t\t\t\t<a href=\"https:\/\/www.pinterest.com\/pin\/create\/button\/\" data-pin-do=\"buttonBookmark\" data-pin-color=\"red\" rel=\"nofollow noopener\" target=\"_blank\"><img decoding=\"async\" src=\"https:\/\/www.europesays.com\/pt\/wp-content\/uploads\/2025\/08\/pinit_fg_en_rect_red_20.png\" alt=\"Pin It\"\/><\/a><\/p>\n","protected":false},"excerpt":{"rendered":"Ap\u00f3s obras de melhorias, UBSF Jos\u00e9 Ribeiro de Souza Junior vai atender cerca de 11,7 mil moradores com&hellip;\n","protected":false},"author":2,"featured_media":134325,"comment_status":"","ping_status":"","sticky":false,"template":"","format":"standard","meta":{"footnotes":""},"categories":[86],"tags":[7005,116,7003,32,3046,7007,7006,33,117,7010,7009,7004,7011,7008,7012],"class_list":{"0":"post-134324","1":"post","2":"type-post","3":"status-publish","4":"format-standard","5":"has-post-thumbnail","7":"category-saude","8":"tag-cidade-do-aco","9":"tag-health","10":"tag-portalvr","11":"tag-portugal","12":"tag-prefeitura","13":"tag-prefeitura-de-volta-redonda","14":"tag-prefeitura-vr","15":"tag-pt","16":"tag-saude","17":"tag-site-prefeitura-volta-redonda","18":"tag-site-volta-redonda","19":"tag-volta-redonda","20":"tag-volta-redonda-prefeitura","21":"tag-voltaredonda","22":"tag-vr-prefeitura"},"share_on_mastodon":{"url":"https:\/\/pubeurope.com\/@pt\/115470045388081983","error":""},"_links":{"self":[{"href":"https:\/\/www.europesays.com\/pt\/wp-json\/wp\/v2\/posts\/134324","targetHints":{"allow":["GET"]}}],"collection":[{"href":"https:\/\/www.europesays.com\/pt\/wp-json\/wp\/v2\/posts"}],"about":[{"href":"https:\/\/www.europesays.com\/pt\/wp-json\/wp\/v2\/types\/post"}],"author":[{"embeddable":true,"href":"https:\/\/www.europesays.com\/pt\/wp-json\/wp\/v2\/users\/2"}],"replies":[{"embeddable":true,"href":"https:\/\/www.europesays.com\/pt\/wp-json\/wp\/v2\/comments?post=134324"}],"version-history":[{"count":0,"href":"https:\/\/www.europesays.com\/pt\/wp-json\/wp\/v2\/posts\/134324\/revisions"}],"wp:featuredmedia":[{"embeddable":true,"href":"https:\/\/www.europesays.com\/pt\/wp-json\/wp\/v2\/media\/134325"}],"wp:attachment":[{"href":"https:\/\/www.europesays.com\/pt\/wp-json\/wp\/v2\/media?parent=134324"}],"wp:term":[{"taxonomy":"category","embeddable":true,"href":"https:\/\/www.europesays.com\/pt\/wp-json\/wp\/v2\/categories?post=134324"},{"taxonomy":"post_tag","embeddable":true,"href":"https:\/\/www.europesays.com\/pt\/wp-json\/wp\/v2\/tags?post=134324"}],"curies":[{"name":"wp","href":"https:\/\/api.w.org\/{rel}","templated":true}]}}