{"id":134328,"date":"2025-10-31T17:56:13","date_gmt":"2025-10-31T17:56:13","guid":{"rendered":"https:\/\/www.europesays.com\/pt\/134328\/"},"modified":"2025-10-31T17:56:13","modified_gmt":"2025-10-31T17:56:13","slug":"mumias-de-edmontossauro-pele-escamosa-com-66-milhoes-de-anos-fossilizada-em-argila","status":"publish","type":"post","link":"https:\/\/www.europesays.com\/pt\/134328\/","title":{"rendered":"&#8220;M\u00famias&#8221; de Edmontossauro. Pele escamosa com 66 milh\u00f5es de anos fossilizada em argila"},"content":{"rendered":"<p><b>Os f\u00f3sseis de dois Edmontossauros, que pertencem ao grupo de dinoss\u00e1urios com bico de pato, encontrados no Wyoming,\u00a0na Forma\u00e7\u00e3o Lance durante uma escava\u00e7\u00e3o levada a cabo entre 2000 e 2001,  s\u00e3o de um adulto jovem com aproximadamente 12 metros de comprimento e de um jovem de dois anos de idade com cerca de metade desse comprimento.<\/b><\/p>\n<p>Viveram h\u00e1 66 milh\u00f5es de anos, no  fim do Cret\u00e1cico, na v\u00e9spera do evento da extin\u00e7\u00e3o dos dinoss\u00e1urios, e conviveram com o T-Rex.   <br \/>&#13;<br \/>\nContornos da pele escamosa <br \/>&#13;\n<\/p>\n<p>Embora os f\u00f3sseis dos\u00a0Edmontossauros sejam apelidados de \u201cm\u00famias\u201d, estes achados n\u00e3o s\u00e3o de facto  m\u00famias como os corpos elaboradamente preservados no antigo Egito.<\/p>\n<p>&#8220;<b>Estes f\u00f3sseis n\u00e3o se parecem com as m\u00famias humanas de estilo eg\u00edpcio<\/b>. Nas nossas m\u00famias n\u00e3o h\u00e1 ADN, n\u00e3o h\u00e1 estrutura de tecido, n\u00e3o h\u00e1 nada. <b>\u00c9 uma m\u00e1scara de argila&#8221;<\/b>, explicou o paleont\u00f3logo da Universidade de Chicago, Paul Sereno, que liderou o estudo publicado na revista <a href=\"https:\/\/www.science.org\/doi\/10.1126\/science.adw3536\" rel=\"nofollow noopener\" target=\"_blank\">Science<\/a>.<\/p>\n<p>Ap\u00f3s os f\u00f3sseis terem sido tratados em laborat\u00f3rio, os cientistas descobriram <b>grandes \u00e1reas de &#8220;pele escamosa e enrugada<\/b>&#8220;, para al\u00e9m de <b>&#8220;uma crista carnuda sobre as suas costas<\/b>&#8220;, preservadas numa fina camada de argila que se formou depois de os animais morrerem.&#13;\n<\/p>\n<p>&#13;<br \/>\n&#8220;Uma bateria de testes mostrou que todos os\u00a0elementos fossilizados do revestimento externo do dinoss\u00e1urio &#8211; pele, espinhos e cascos &#8211; <b>est\u00e3o preservados\u00a0 num molde de argila fina <\/b>(com 1 mm de espessura)<b> que se formou na superf\u00edcie da carca\u00e7a enterrada durante a decomposi\u00e7\u00e3o, antes da perda de todos os tecidos moles e compostos org\u00e2nicos&#8221;<\/b>, explica o mais recente estudo dedicado aos dois Edmontossauros.<br \/>&#13;\n<\/p>\n<p>&#13;<br \/>\n\u00a0 <br \/>&#13;\n<\/p>\n<p>&#13;<br \/>\n\u201cEstamos a ver o perfil completo do dinoss\u00e1urio pela primeira vez&#8221;, declarou Sereno. Perante os detalhes do f\u00f3ssil, os cientistas sublinham que est\u00e3o &#8220;a descobrir como realmente era a textura da pele&#8221;. <br \/>&#13;\n<\/p>\n<p><img decoding=\"async\" src=\"https:\/\/www.europesays.com\/pt\/wp-content\/uploads\/2025\/10\/008b254020076719d453eb85db7efbc0\"\/><\/p>\n<p>&#13;<br \/>\nA pele escamosa de uma crista sobre as costas do dinoss\u00e1urio juvenil Edmontossauro.\u00a0Uma camada de argila fina preservou os contornos do corpo externo | Tyler Keillor \/ Fossil Lab&#13;<br \/>\n&#13;\n<\/p>\n<p>&#13;<br \/>\nPara al\u00e9m da <b>crista carnuda ao longo do pesco\u00e7o e costas e uma fileira de espinhos que corriam pela cauda, a pele era fina o suficiente para produzir rugas delicadas sobre a caixa tor\u00e1cica e era pontilhada com pequenas escamas<\/b>, descrevem os investigadores. <br \/>&#13;\n<\/p>\n<p>&#13;<br \/>\n\u00danico dinoss\u00e1urio com cascos&#13;\n<\/p>\n<p>Mam\u00edferos como cavalos, vacas, cabras e ovelhas desenvolveram cascos, estruturas que protegem os dedos, suportam o peso do animal, oferecem tra\u00e7\u00e3o e absorvem o choque do impacto da caminhada e da corrida. <\/p>\n<p>Mas os Edmontossauros conseguiram desenvolver essa prote\u00e7\u00e3o milh\u00f5es de anos antes. <b>&#8220;\u00c9 o primeiro dinoss\u00e1urio, o primeiro r\u00e9ptil e o primeiro vertebrado terrestre conhecido por ter desenvolvido cascos&#8221;<\/b>, apontam os cientistas.&#13;\n<\/p>\n<p>&#13;<br \/>\n&#8220;\u00c9 para a terra dura, para andar eficientemente ou at\u00e9 talvez correr sobre a superf\u00edcie&#8221;, observa Sereno.&#13;\n<\/p>\n<p>&#13;<br \/>\nOs seus cascos s\u00e3o um exemplo de um &#8220;<b>fen\u00f3meno chamado evolu\u00e7\u00e3o convergente<\/b>&#8220;, em que organismos diferentes sob condi\u00e7\u00f5es ecol\u00f3gicas (ambientes ou nichos ecol\u00f3gicos) id\u00eanticas desenvolvem caracter\u00edsticas semelhantes, como as asas nos p\u00e1ssaros, morcegos e r\u00e9pteis voadores extintos chamados pterossauros, argumentou.&#13;\n<\/p>\n<p>&#13;<br \/>\n\u201cDesculpem, mam\u00edferos, afinal n\u00e3o foram voc\u00eas quem inventou os cascos\u201d, brincou o investigador.<br \/>&#13;\n<\/p>\n<p><img decoding=\"async\" src=\"https:\/\/www.europesays.com\/pt\/wp-content\/uploads\/2025\/10\/0e0bf4b29e9025b69f22df4e1f6167c8\"\/><\/p>\n<p>&#13;<br \/>\nEdmontosaurus \u00e9 o \u00fanico dinossauro conhecido com cascos. O autor do estudo, Paul Sereno, da Universidade de Chicago, observa os cascos preservados da uma &#8220;m\u00famia&#8221; adulta de Edmontossauros | Kieth Ladzinski&#13;\n<\/p>\n<p>&#13;<br \/>\n&#8220;A vaca desse tempo&#8221;<br \/>&#13;\n<\/p>\n<p>O Edmontossauro era herb\u00edvoro, mastigava plantas com um focinho largo e plano e vagueou pelo oeste da Am\u00e9rica do Norte lado a lado com predadores como  Tyranossauros e outros herb\u00edvoros, o Triceratops ou o blindado Ankylosaurus.<\/p>\n<p>&#8220;O Edmontossauro \u00e9 de longe o dinoss\u00e1urio mais comum&#8221; naquele ecossistema, refere Sereno. <b>\u201cFormavam rebanhos gigantes. \u00c9 a vaca desse tempo\u201d<\/b>, acrescenta.&#13;\n<\/p>\n<p><img decoding=\"async\" src=\"https:\/\/www.europesays.com\/pt\/wp-content\/uploads\/2025\/10\/01db304ba99cbbb4ddeacff8d321c8a0\"\/><\/p>\n<p>&#13;<br \/>\nIlustra\u00e7\u00e3o mostra o dinoss\u00e1urio bico-de-pato Edmontossauro como era h\u00e1 66 milh\u00f5es de anos, com base em &#8220;m\u00famias&#8221; fossilizadas descobertas no centro-leste do Wyoming | Dani Navarro via Reuters <\/p>\n<p><b>Em adulto atingia cerca de 12,8 metros, rivalizando com as dimens\u00f5es do Tyranossauro<\/b>. Noutros  f\u00f3sseis de Edmontossauro j\u00e1 se encontraram marcas de dentes, o que nos diz que faria parte das refei\u00e7\u00f5es  do T-Rex.<br \/>&#13;<\/p>\n","protected":false},"excerpt":{"rendered":"Os f\u00f3sseis de dois Edmontossauros, que pertencem ao grupo de dinoss\u00e1urios com bico de pato, encontrados no Wyoming,\u00a0na&hellip;\n","protected":false},"author":2,"featured_media":134329,"comment_status":"","ping_status":"","sticky":false,"template":"","format":"standard","meta":{"footnotes":""},"categories":[84],"tags":[109,107,108,30305,30304,30307,30303,12559,32,33,105,103,104,106,110,30306],"class_list":{"0":"post-134328","1":"post","2":"type-post","3":"status-publish","4":"format-standard","5":"has-post-thumbnail","7":"category-ciencia-e-tecnologia","8":"tag-ciencia","9":"tag-ciencia-e-tecnologia","10":"tag-cienciaetecnologia","11":"tag-cretacico","12":"tag-edmontossauros","13":"tag-escamas","14":"tag-mumias","15":"tag-pele","16":"tag-portugal","17":"tag-pt","18":"tag-science","19":"tag-science-and-technology","20":"tag-scienceandtechnology","21":"tag-technology","22":"tag-tecnologia","23":"tag-wyoming"},"share_on_mastodon":{"url":"https:\/\/pubeurope.com\/@pt\/115470072916231866","error":""},"_links":{"self":[{"href":"https:\/\/www.europesays.com\/pt\/wp-json\/wp\/v2\/posts\/134328","targetHints":{"allow":["GET"]}}],"collection":[{"href":"https:\/\/www.europesays.com\/pt\/wp-json\/wp\/v2\/posts"}],"about":[{"href":"https:\/\/www.europesays.com\/pt\/wp-json\/wp\/v2\/types\/post"}],"author":[{"embeddable":true,"href":"https:\/\/www.europesays.com\/pt\/wp-json\/wp\/v2\/users\/2"}],"replies":[{"embeddable":true,"href":"https:\/\/www.europesays.com\/pt\/wp-json\/wp\/v2\/comments?post=134328"}],"version-history":[{"count":0,"href":"https:\/\/www.europesays.com\/pt\/wp-json\/wp\/v2\/posts\/134328\/revisions"}],"wp:featuredmedia":[{"embeddable":true,"href":"https:\/\/www.europesays.com\/pt\/wp-json\/wp\/v2\/media\/134329"}],"wp:attachment":[{"href":"https:\/\/www.europesays.com\/pt\/wp-json\/wp\/v2\/media?parent=134328"}],"wp:term":[{"taxonomy":"category","embeddable":true,"href":"https:\/\/www.europesays.com\/pt\/wp-json\/wp\/v2\/categories?post=134328"},{"taxonomy":"post_tag","embeddable":true,"href":"https:\/\/www.europesays.com\/pt\/wp-json\/wp\/v2\/tags?post=134328"}],"curies":[{"name":"wp","href":"https:\/\/api.w.org\/{rel}","templated":true}]}}