{"id":134336,"date":"2025-10-31T18:00:09","date_gmt":"2025-10-31T18:00:09","guid":{"rendered":"https:\/\/www.europesays.com\/pt\/134336\/"},"modified":"2025-10-31T18:00:09","modified_gmt":"2025-10-31T18:00:09","slug":"igas-abre-inquerito-gravida-morre-apos-dar-a-luz-no-amadora-sintra","status":"publish","type":"post","link":"https:\/\/www.europesays.com\/pt\/134336\/","title":{"rendered":"IGAS abre inqu\u00e9rito. Gr\u00e1vida morre ap\u00f3s dar \u00e0 luz no Amadora-Sintra"},"content":{"rendered":"<p>                A not\u00edcia foi avan\u00e7ada pela CNN Portugal e, posteriormente, confirmada pela RTP.<\/p>\n<p>&#13;<br \/>\n<b><br \/>&#13;<br \/>\nHoras depois de ter sido mandada para casa, a gr\u00e1vida de nacionalidade guineense deu entrada na urg\u00eancia do hospital Amadora-Sintra em paragem cardiorrespirat\u00f3ria, acabando por morrer ap\u00f3s o beb\u00e9 nascer.<\/b>A ULS Hospital Amadora-Sintra adiantou \u00e0 RTP que est\u00e1 a recolher dados sobre o que aconteceu e a avaliar a situa\u00e7\u00e3o.\u00a0&#13;<br \/>\n&#13;\n<\/p>\n<p>Em comunicado, a unidade esclareceu que a mulher deu entrada no Servi\u00e7o de Urg\u00eancia de Obstetr\u00edcia desta ULS, pela 1h50, em &#8220;situa\u00e7\u00e3o de paragem cardiorrespirat\u00f3ria&#8221;.<\/p>\n<p>&#8220;Ap\u00f3s a entrada no servi\u00e7o foi realizada de imediato uma cesariana de emerg\u00eancia, tendo o beb\u00e9 nascido \u00e0 1h56&#8221;, adianta o hospital, acrescentando que <b>o beb\u00e9 est\u00e1 &#8220;neste momento sob vigil\u00e2ncia m\u00e9dica, com progn\u00f3stico muito reservado&#8221;.&#13;<br \/>\n<\/b>&#13;\n<\/p>\n<p>&#13;<br \/>\nA gr\u00e1vida, no dia 29 de outubro de 2025, &#8220;dirigiu-se assintom\u00e1tica a este ULS para uma consulta rotina, durante a qual foi identificada com hipertens\u00e3o ligeira&#8221;. <b>E ap\u00f3s &#8220;a realiza\u00e7\u00e3o de v\u00e1rios exames complementares  de diagn\u00f3stico teve alta com indica\u00e7\u00e3o para internamento \u00e0s 39 semanas de gesta\u00e7\u00e3o&#8221;.<br \/>&#13;<br \/>\n<\/b>&#13;<br \/>\n<br \/>&#13;<br \/>\n<b>O hospital abriu entretanto um inqu\u00e9rito interno &#8220;para apurar todas as circunst\u00e2ncias associadas ao ocorrido&#8221;.<\/b>&#13;\n<\/p>\n<p>\u201cHist\u00f3ria n\u00e3o bem esclarecida de hipertens\u00e3o\u201d<br \/>\nEm declara\u00e7\u00f5es aos jornalistas na tarde desta sexta-feira, o diretor do servi\u00e7o de Urg\u00eancia de Obstetr\u00edcia explicou que a gr\u00e1vida tinha chegado recentemente a Portugal, pelo que o seguimento da gravidez n\u00e3o foi \u201co ideal\u201d, havendo <b>\u201cuma hist\u00f3ria n\u00e3o bem esclarecida de hipertens\u00e3o\u201d.<\/b><\/p>\n<p>\u201cO tempo em que a gr\u00e1vida estava era um tempo de termo precoce\u201d, explicou Diogo Bruno.<\/p>\n<p>A indica\u00e7\u00e3o nestes contextos \u00e9 \u201ctentar beneficiar tanto a m\u00e3e como o beb\u00e9 em termos de desfechos\u201d, <b>tentando que \u201ca natureza siga o seu rumo\u201d e \u201cs\u00f3 atuar se realmente se justificar do ponto de vista do risco materno-fetal\u201d<\/b>, acrescentou.<\/p>\n<p>Segundo este m\u00e9dico, \u201cn\u00e3o se previa que assim fosse\u201d, j\u00e1 que \u201ca gr\u00e1vida n\u00e3o tinha sintomas\u201d.<\/p>\n<p>A mulher de 36 anos \u201cfoi apenas por extra cuidado enviada \u00e0 urg\u00eancia\u201d, tendo sido \u201cdespistada pr\u00e9-eclampsia com base nos exames que foram realizados\u201d, raz\u00e3o pela qual foi enviada para casa.<br \/>&#13;\n<\/p>\n<p>          <img decoding=\"async\" itemprop=\"image\" class=\"img-fluid\"   src=\"https:\/\/www.europesays.com\/pt\/wp-content\/uploads\/2025\/10\/3234feb8294f93887a220eadd5bca5bf_N.jpg\"\/><\/p>\n<p>\nDepois, entrou no hospital \u201cem paragem cardiorrespirat\u00f3ria\u201d, pelo que o plano de cesariana foi tra\u00e7ado ainda antes de dar entrada na unidade de sa\u00fade.<\/p>\n<p>\u201cO beb\u00e9 est\u00e1 com progn\u00f3stico reservado nos nossos cuidados intensivos neonatais\u201d, confirmou o diretor do servi\u00e7o.<\/p>\n<p>\u201cFoi decidido pelo Conselho de Administra\u00e7\u00e3o a abertura de um inqu\u00e9rito interno para apurar todos os contextos deste caso\u201d, vincou.<b><br \/>&#13;<br \/>\n<\/b>INEM descreve resposta<br \/>&#13;<br \/>\nEm nota enviada \u00e0 RTP, o Instituto Nacional de Emerg\u00eancia M\u00e9dica adianta que, &#8220;pelas 0h28 de hoje, foi recebida uma chamada no Centro de Orienta\u00e7\u00e3o de Doentes Urgentes (CODU) do INEM, solicitando <b>ajuda para uma gr\u00e1vida de 36 anos, com uma gesta\u00e7\u00e3o de 38 semanas, que apresentava falta de ar<\/b>&#8220;.&#8221;Depois de realizada a triagem cl\u00ednica e prestado o aconselhamento necess\u00e1rio, o CODU acionou uma Ambul\u00e2ncia de Socorro, \u00e0s 0h36&#8221;.<br \/>&#13;\n<\/p>\n<p>&#8220;Depois de assistir a utente, a equipa da Ambul\u00e2ncia informou o CODU, \u00e0s 0h54, de que <b>a v\u00edtima se encontrava em paragem cardiorrespirat\u00f3ria<\/b> (PCR). Foi ent\u00e3o acionada a Viatura M\u00e9dica de Emerg\u00eancia e Reanima\u00e7\u00e3o (VMER) do HFF&#8221;, l\u00ea-se na nota instituto.<\/p>\n<p><b>&#8220;\u00c0 1h14, no local, a equipa m\u00e9dica da VMER implementou as medidas de Suporte Avan\u00e7ado de Vida (SAV) adequadas. A utente foi depois encaminhada para o HFF, com acompanhamento m\u00e9dico da equipa da VMER, onde deu entrada pela 1h48&#8221;<\/b>, conclui.&#13;\n<\/p>\n<p>Em comunicado, a Entidade Reguladora da Sa\u00fade (ERS) confirmou a instaura\u00e7\u00e3o de um processo de avalia\u00e7\u00e3o ao caso do falecimento de uma utente gr\u00e1vida na Unidade Local de Sa\u00fade de Amadora\/Sintra.<\/p>\n<p>\u201cConsiderando que a ERS decidiu abrir um processo de avalia\u00e7\u00e3o e que a Inspe\u00e7\u00e3o-Geral das Atividade em Sa\u00fade (IGAS), no quadro das suas compet\u00eancias, tamb\u00e9m se encontra a averiguar a situa\u00e7\u00e3o, atrav\u00e9s de um processo de inqu\u00e9rito,<b> estes dois organismos decidiram cooperar <\/b>de modo a obter todos os esclarecimentos necess\u00e1rios de forma complementar\u201d, refere numa nota.<\/p>\n","protected":false},"excerpt":{"rendered":"A not\u00edcia foi avan\u00e7ada pela CNN Portugal e, posteriormente, confirmada pela RTP. &#13; &#13; Horas depois de ter&hellip;\n","protected":false},"author":2,"featured_media":134337,"comment_status":"","ping_status":"","sticky":false,"template":"","format":"standard","meta":{"footnotes":""},"categories":[8],"tags":[2489,27,28,15,16,2611,14,1789,3516,25,26,21,22,12,13,19,20,32,23,24,33,17,18,6169,29,30,31],"class_list":{"0":"post-134336","1":"post","2":"type-post","3":"status-publish","4":"format-standard","5":"has-post-thumbnail","7":"category-principais-noticias","8":"tag-amadora-sintra","9":"tag-breaking-news","10":"tag-breakingnews","11":"tag-featured-news","12":"tag-featurednews","13":"tag-gravida","14":"tag-headlines","15":"tag-hospital","16":"tag-inquerito","17":"tag-latest-news","18":"tag-latestnews","19":"tag-main-news","20":"tag-mainnews","21":"tag-news","22":"tag-noticias","23":"tag-noticias-principais","24":"tag-noticiasprincipais","25":"tag-portugal","26":"tag-principais-noticias","27":"tag-principaisnoticias","28":"tag-pt","29":"tag-top-stories","30":"tag-topstories","31":"tag-uls","32":"tag-ultimas","33":"tag-ultimas-noticias","34":"tag-ultimasnoticias"},"share_on_mastodon":{"url":"https:\/\/pubeurope.com\/@pt\/115470088696055439","error":""},"_links":{"self":[{"href":"https:\/\/www.europesays.com\/pt\/wp-json\/wp\/v2\/posts\/134336","targetHints":{"allow":["GET"]}}],"collection":[{"href":"https:\/\/www.europesays.com\/pt\/wp-json\/wp\/v2\/posts"}],"about":[{"href":"https:\/\/www.europesays.com\/pt\/wp-json\/wp\/v2\/types\/post"}],"author":[{"embeddable":true,"href":"https:\/\/www.europesays.com\/pt\/wp-json\/wp\/v2\/users\/2"}],"replies":[{"embeddable":true,"href":"https:\/\/www.europesays.com\/pt\/wp-json\/wp\/v2\/comments?post=134336"}],"version-history":[{"count":0,"href":"https:\/\/www.europesays.com\/pt\/wp-json\/wp\/v2\/posts\/134336\/revisions"}],"wp:featuredmedia":[{"embeddable":true,"href":"https:\/\/www.europesays.com\/pt\/wp-json\/wp\/v2\/media\/134337"}],"wp:attachment":[{"href":"https:\/\/www.europesays.com\/pt\/wp-json\/wp\/v2\/media?parent=134336"}],"wp:term":[{"taxonomy":"category","embeddable":true,"href":"https:\/\/www.europesays.com\/pt\/wp-json\/wp\/v2\/categories?post=134336"},{"taxonomy":"post_tag","embeddable":true,"href":"https:\/\/www.europesays.com\/pt\/wp-json\/wp\/v2\/tags?post=134336"}],"curies":[{"name":"wp","href":"https:\/\/api.w.org\/{rel}","templated":true}]}}